{"id":10223,"date":"2019-06-16T16:49:18","date_gmt":"2019-06-16T14:49:18","guid":{"rendered":"https:\/\/artcontest.biancoscuro.it\/site\/?p=10223"},"modified":"2019-06-16T16:49:21","modified_gmt":"2019-06-16T14:49:21","slug":"nicola-pica","status":"publish","type":"post","link":"https:\/\/artcontest.biancoscuro.it\/site\/nicola-pica\/","title":{"rendered":"Nicola Pica"},"content":{"rendered":"\n<figure class=\"wp-block-image\"><img loading=\"lazy\" decoding=\"async\" width=\"500\" height=\"22\" src=\"http:\/\/artcontest.biancoscuro.it\/site\/wp-content\/uploads\/2015\/03\/linette1.jpg\" alt=\".......\" class=\"wp-image-1001\" srcset=\"https:\/\/artcontest.biancoscuro.it\/site\/wp-content\/uploads\/2015\/03\/linette1.jpg 500w, https:\/\/artcontest.biancoscuro.it\/site\/wp-content\/uploads\/2015\/03\/linette1-300x13.jpg 300w\" sizes=\"auto, (max-width: 500px) 100vw, 500px\" \/><\/figure>\n\n\n\n<p>Cromocostruzione &#8211; Spicchi di colore<br> 2018<br> acrilico<br> 80&#215;100    cm.  <\/p>\n\n\n\n<p><strong>Nicola Pica<\/strong><em> (Belluno- Italy)<\/em>. Nasce\u00a0 a Ponte\u00a0 (BN) nel 1963. Fin da piccolo dimostra grande attitudine al disegno e alla scultura,  dopa la scuola inizia il suo percorso artistico e\u00a0 sulla sua strada  incontra un maestro di affreschi che segner\u00e0 la sua arte. Si ritiene un\u00a0  artista eclettico e sperimenta diverse\u00a0 tecniche. Per un periodo di tempo abbandona la pittura e si avvicina al mondo  della scenografia collabora con diversi scenografi sia teatrali che  cinematografici. Negli ultimi anni\u00a0 \u00a0per\u00f2\u00a0 capisce che la sua strada\u00a0 \u00e8  la pittura e decide di riprendere la tavolozza, fino ad oggi a spaziato  con le sue opere dall\u2019impressionismo, espressionismo all\u2019astratto  informale ,\u00a0 non disdegna di affrontare temi di attualit\u00e0, ama i colori  puri e tutto quello che riesce a costruire con loro, imprime\u00a0 le sue  emozioni\u00a0 sulla tela con una pittura graffiante e materica dipinge in  diversi stili e varie tecniche, la sua pittura spazia dall&#8217;olio  all\u2019acrilico al pastello , la sua tecnica preferita \u00e8 la pittura  acrilica e olio\u00a0 .<br> La vena creativa di Nicola Pica  si traduce in una pittura moderna, in espressione pittorica pura, che  recupera la tradizione in modo innovativo, compiendo una ricerca e uno  studio originale e non emulativo, i colori usati sono densi, pastosi,  materici, con una partitura variegata e articolata. Talvolta la trama si  stempera, acquisendo una delicata consistenza metafisica ed  evidenziando la costante volont\u00e0 di Pica di  lasciare emergere un&#8217;evoluzione stilistica sempre pi\u00f9 rivolta ad una  visione fortemente intimistica del fare arte. Realizza quadri secondo  una personale capacit\u00e0 elaborativa, analizzando attentamente quanto lo  circonda e riproducendo sempre in modo ben comprensibile e facilmente  fruibile, da pittore figurativo nel vero senso del termine, che rispetta  spazi e dimensioni, profondit\u00e0 e primi piani, non senza un pizzico di  aulico lirismo poetico di fondo, che ingentilisce l&#8217;insieme figurale. La  realt\u00e0 visibile traspare, con una particolare accortezza per  l&#8217;equilibrio, l&#8217;armonia, la proporzione, nell&#8217;intento di racchiudere  nelle immagini, quanti pi\u00f9 dettagli emozionali possibili, in modo da  riproporre quelle scelte, in funzione della propria esclusiva visione  ideale delle cose ha partecipato a diverse mostre collettive e  personali, specialmente nell\u2019ultimi\u00a0 anni\u00a0 collabora con diverse\u00a0  gallerie d\u2019arte . Partecipazioni :<br> Expo internazionale di arti visive Premio Bonaventura\u00a0 Da Peraga<br> \u00a0Al Castello Dei Da Peraga di Vigonza-Padova<br> CAPUT MUNDI ARTE\u201d 24-30 GIUGNO 2016\u00a0 \u00a0con Vittorio Sgarbi <br> Premio Internazionale di arte contemporanea Salerno 2016 con Vittorio Sgarbi <br> Mostra collettiva Che Art (MI)<br> Probiennale\u00a0 2016\u00a0 Venezia\u00a0 \u00a0a cura di vittorio Sgarbi<br> Mostra arte contemporanea\u00a0 Assisi (PG) <br> Biennale arte Contemporanea\u00a0 (Ferrara) curata da Giorgio Grasso)<br> Benebiennale\u00a0 arte contemporanea (Benevento) 2016<br> Olimpiadi dell\u2019arte\u00a0 \u00a0a Rio De Janeiro in concomitanza con i giochi olimpici\u00a0 a cura di Vittorio Sgarbi<br> Mostra San Remo 2016\u00a0 \u00a0 &#8211; Probiennale\u00a0 di Venezia\u00a0 curata da Vittorio Sgarbi <br> Mostra San Remo 2016\u00a0 \u00a0 curata da Vittorio Sgarbi<br> Premio Botticelli 2017 (firenze)<br> Benebiennale 2018 \u2013 premio Modigliani Spoleto 2018 \u2013 Padiglione Europa (Venezia)<br> Biennale del Tirreno 21018<br> Mostra benebiennale (BN) 2018 <br> Mostra premio Iside (BN) 2018<br> Biennale d\u2019arte di Venezia\u00a0 \u00a02019<br><br> &#8212;&#8212;&#8212;&#8212;&#8212;&#8212;&#8212;&#8212;&#8212;&#8212;&#8212;&#8212;&#8212;&#8212;&#8212;&#8212;&#8212;&#8212;&#8212;&#8212;&#8212;&#8212;&#8212;&#8212;&#8212;&#8212;&#8212;&#8212;&#8212;&#8212;&#8212;&#8212;&#8212;&#8212;&#8212;&#8212;&#8211;<br> RICONOSCIMENTI<br> \u00a0I\u00b0 Premio Mondadori ad arte Salerno premio internazionale di arte Contemporanea 2017<br> I\u00b0 classificato Premio Salvador Dali\u2019\u00a0 \u00a0(Parigi)<br> 2\u00b0 classificato Mostra Spoleto -Maria Callas a cura di Vittorio Sgarbi\u00a0 <br> 6\u00b0 classificato\u00a0 Premio arte contemporanea\u00a0 \u00a0La Signora Delle Stelle\u00a0 , Margherita Hack<br> Premio Artista Contemporaneo nel Mondo\u00a0 &#8211; Montecarlo 2016<br> Premio\u00a0 artista contemporaneo nel mondo \u2013 London Calling\u00a0 (Londra)<br> Premio Botticelli\u00a0 Firenze\u00a0 &#8211; selezionato da Vittorio Sgarbi\u00a0 Premio la selezione<br> Premio Francesco Alberoni\u00a0 Biennale di arte contemporanea\u00a0 di Milano 2017<br> Premio\u00a0 Canaletto 2017 \u2013 <br> Premio Sublimitas 2017 <br> -Premio Icon ART Biennale del Tirreno 2\u201918\u00a0 (Cava dei Tirreni\u00a0 \/SA)) <br> Vincitore\u00a0 Primo Premio ISIDE 2018 (BN)<br> Vincitore assoluto Benebiennale 2018 \u2013 <br> Premio Selezione Sgarbi <br> Premio Modigliani (Spoleto) 2018 .<br> \u00a0Premio alla carriera (camera dei Deputati )<\/p>\n\n\n\n<figure class=\"wp-block-image\"><a href=\"http:\/\/artcontest.biancoscuro.it\/site\/wp-content\/uploads\/2015\/03\/linette2.jpg\"><img loading=\"lazy\" decoding=\"async\" width=\"500\" height=\"21\" src=\"http:\/\/artcontest.biancoscuro.it\/site\/wp-content\/uploads\/2015\/03\/linette2.jpg\" alt=\".......\" class=\"wp-image-1000\" srcset=\"https:\/\/artcontest.biancoscuro.it\/site\/wp-content\/uploads\/2015\/03\/linette2.jpg 500w, https:\/\/artcontest.biancoscuro.it\/site\/wp-content\/uploads\/2015\/03\/linette2-300x13.jpg 300w\" sizes=\"auto, (max-width: 500px) 100vw, 500px\" \/><\/a><\/figure>\n\n\n\n<p><strong>Vote for this artwork!<\/strong>&nbsp;Follow Biancoscuro Art Contest on&nbsp;<a rel=\"noreferrer noopener\" href=\"https:\/\/www.facebook.com\/artcontest.biancoscuro\" target=\"_blank\"><strong>Facebook<\/strong><\/a>&nbsp;and&nbsp;<a rel=\"noreferrer noopener\" href=\"https:\/\/www.instagram.com\/biancoscuroartcontest\/\" target=\"_blank\"><strong>Instagram<\/strong><\/a> then click <strong>like!<\/strong><br><strong>Vota questa opera!&nbsp;<\/strong>Segui Biancoscuro Art Contest su <strong><a rel=\"noreferrer noopener\" href=\"https:\/\/www.facebook.com\/artcontest.biancoscuro\" target=\"_blank\">Facebook<\/a>&nbsp;e <\/strong><a rel=\"noreferrer noopener\" href=\"https:\/\/www.instagram.com\/biancoscuroartcontest\/\" target=\"_blank\"><strong>Instagram&nbsp;<\/strong><\/a>quindi clicca <strong>like!<\/strong><\/p>\n\n\n\n<figure class=\"wp-block-image\"><img loading=\"lazy\" decoding=\"async\" width=\"777\" height=\"583\" src=\"https:\/\/artcontest.biancoscuro.it\/site\/wp-content\/uploads\/2019\/06\/cromo-costruzione-3-Spicchi-acrilico-su-tela-misure-80x100cm-anno-2018-IMG_7181-1.jpg\" alt=\"\" class=\"wp-image-10224\" srcset=\"https:\/\/artcontest.biancoscuro.it\/site\/wp-content\/uploads\/2019\/06\/cromo-costruzione-3-Spicchi-acrilico-su-tela-misure-80x100cm-anno-2018-IMG_7181-1.jpg 777w, https:\/\/artcontest.biancoscuro.it\/site\/wp-content\/uploads\/2019\/06\/cromo-costruzione-3-Spicchi-acrilico-su-tela-misure-80x100cm-anno-2018-IMG_7181-1-300x225.jpg 300w, https:\/\/artcontest.biancoscuro.it\/site\/wp-content\/uploads\/2019\/06\/cromo-costruzione-3-Spicchi-acrilico-su-tela-misure-80x100cm-anno-2018-IMG_7181-1-768x576.jpg 768w, https:\/\/artcontest.biancoscuro.it\/site\/wp-content\/uploads\/2019\/06\/cromo-costruzione-3-Spicchi-acrilico-su-tela-misure-80x100cm-anno-2018-IMG_7181-1-450x338.jpg 450w, https:\/\/artcontest.biancoscuro.it\/site\/wp-content\/uploads\/2019\/06\/cromo-costruzione-3-Spicchi-acrilico-su-tela-misure-80x100cm-anno-2018-IMG_7181-1-600x450.jpg 600w\" sizes=\"auto, (max-width: 777px) 100vw, 777px\" \/><\/figure>\n","protected":false},"excerpt":{"rendered":"<p>Cromocostruzione &#8211; Spicchi di colore 2018 acrilico 80&#215;100 cm. Nicola Pica (Belluno- Italy). Nasce\u00a0 a Ponte\u00a0 (BN) nel 1963. Fin da piccolo dimostra grande attitudine al disegno e alla scultura,<a href=\"https:\/\/artcontest.biancoscuro.it\/site\/nicola-pica\/\">&#8230;Read More<\/a><\/p>\n","protected":false},"author":1,"featured_media":10224,"comment_status":"closed","ping_status":"closed","sticky":false,"template":"","format":"image","meta":{"advanced_seo_description":"","jetpack_seo_html_title":"","jetpack_seo_noindex":false,"_jetpack_memberships_contains_paid_content":false,"footnotes":""},"categories":[4],"tags":[],"class_list":["post-10223","post","type-post","status-publish","format-image","has-post-thumbnail","hentry","category-pittura-painting","post_format-post-format-image"],"jetpack_featured_media_url":"https:\/\/artcontest.biancoscuro.it\/site\/wp-content\/uploads\/2019\/06\/cromo-costruzione-3-Spicchi-acrilico-su-tela-misure-80x100cm-anno-2018-IMG_7181-1.jpg","jetpack_sharing_enabled":true,"jetpack_likes_enabled":false,"_links":{"self":[{"href":"https:\/\/artcontest.biancoscuro.it\/site\/wp-json\/wp\/v2\/posts\/10223","targetHints":{"allow":["GET"]}}],"collection":[{"href":"https:\/\/artcontest.biancoscuro.it\/site\/wp-json\/wp\/v2\/posts"}],"about":[{"href":"https:\/\/artcontest.biancoscuro.it\/site\/wp-json\/wp\/v2\/types\/post"}],"author":[{"embeddable":true,"href":"https:\/\/artcontest.biancoscuro.it\/site\/wp-json\/wp\/v2\/users\/1"}],"replies":[{"embeddable":true,"href":"https:\/\/artcontest.biancoscuro.it\/site\/wp-json\/wp\/v2\/comments?post=10223"}],"version-history":[{"count":1,"href":"https:\/\/artcontest.biancoscuro.it\/site\/wp-json\/wp\/v2\/posts\/10223\/revisions"}],"predecessor-version":[{"id":10227,"href":"https:\/\/artcontest.biancoscuro.it\/site\/wp-json\/wp\/v2\/posts\/10223\/revisions\/10227"}],"wp:featuredmedia":[{"embeddable":true,"href":"https:\/\/artcontest.biancoscuro.it\/site\/wp-json\/wp\/v2\/media\/10224"}],"wp:attachment":[{"href":"https:\/\/artcontest.biancoscuro.it\/site\/wp-json\/wp\/v2\/media?parent=10223"}],"wp:term":[{"taxonomy":"category","embeddable":true,"href":"https:\/\/artcontest.biancoscuro.it\/site\/wp-json\/wp\/v2\/categories?post=10223"},{"taxonomy":"post_tag","embeddable":true,"href":"https:\/\/artcontest.biancoscuro.it\/site\/wp-json\/wp\/v2\/tags?post=10223"}],"curies":[{"name":"wp","href":"https:\/\/api.w.org\/{rel}","templated":true}]}}