{"id":10280,"date":"2019-06-17T19:03:46","date_gmt":"2019-06-17T17:03:46","guid":{"rendered":"https:\/\/artcontest.biancoscuro.it\/site\/?p=10280"},"modified":"2019-07-01T15:39:16","modified_gmt":"2019-07-01T13:39:16","slug":"monica-conca","status":"publish","type":"post","link":"https:\/\/artcontest.biancoscuro.it\/site\/monica-conca\/","title":{"rendered":"Monica  Conca"},"content":{"rendered":"\n<figure class=\"wp-block-image\"><img loading=\"lazy\" decoding=\"async\" width=\"500\" height=\"22\" src=\"http:\/\/artcontest.biancoscuro.it\/site\/wp-content\/uploads\/2015\/03\/linette1.jpg\" alt=\".......\" class=\"wp-image-1001\" srcset=\"https:\/\/artcontest.biancoscuro.it\/site\/wp-content\/uploads\/2015\/03\/linette1.jpg 500w, https:\/\/artcontest.biancoscuro.it\/site\/wp-content\/uploads\/2015\/03\/linette1-300x13.jpg 300w\" sizes=\"auto, (max-width: 500px) 100vw, 500px\" \/><\/figure>\n\n\n\n<p> A chi continua a credere, nonostante tutto.<br> 2019<br> acrilico, pasta a spessore su tela<br> 50&#215;70 cm.<\/p>\n\n\n\n<p><strong>Monica Conca <\/strong><em>(Lodi &#8211; Italy)<\/em>.  Nata a Lodi, dopo studi liceali artistici si diploma in Decorazione all&#8217;Accademia di Belle Arti di Brera a Milano;<br> Ha frequentato corsi d&#8217;incisione a Urbino e Castell&#8217;Arquato.<br> <br> Tra le sue ultime esperienze:<br> \u201cArtistinmostra\u201d Parma (2011)<br> \u201cArte Salerno\u201d (2017);<br> \u201cMostra collettiva Lenno-Tremezzina\u201d a Como (2018);<br> \u201cBiennale del Tirreno\u201d Cava d\u00e8 Tirreni (Sa) (2018);<br> \u201cArte Londra\u201d Londra (2018);<br> \u201cArte Milano\u201d Fabbrica del Vapore, Milano (2018);<br> \u201cArte Salerno\u201d Palazzo Fruscione (2018)<br> \u201cArte Salerno\u201d mostra personale Chiesa SS Addolorata (2018)<br> &#8220;Caput Mundi Arte&#8221; Roma (2019)<br> <br> <br> Il suo lavoro \u00e8 una continua ricerca: ricerca di plasticit\u00e0, luce,  significati, contrasti, basati su studi dell\u2019armonia, di numeri, dei  simboli e dei colori; ricerca dell\u2019essenza attraverso ombre e colori, in  grado a volte di ritrovare il movimento l\u00ec dove in apparenza sembra ci  sia solo staticit\u00e0 o di oltrepassare la sfera del materiale per un  evoluzione spirituale; ricerca interiore, alla scoperta di volta in  volta di stati d\u2019animo e situazioni, spesso celati dietro le corazze o i  divieti del conformismo e della morale.<br> Ogni lavoro \u00e8 una contaminazione, intesa nell&#8217;accezione pi\u00f9 positiva del  termine. Un quadro \u00e8 contaminato dal colore, dagli interventi  dell\u2019artista sulla tela o su qualsiasi altro supporto usi, dai tratti  della matita, dalle pennellate, anche dall&#8217;idea stessa che ne ha  l\u2019artefice. Ancora prima il colore, la materia di cui si serve l\u2019artista  per \u201ccreare\u201d, \u00e8 una contaminazione: il grigio \u00e8 una contaminazione di  bianco e nero; il rosso \u00e8 contaminato dal suo legante o dal suo diluente  e cos\u00ec tutto gli altri colori primari. Tutto \u00e8 contrapposizione e  contaminazione; una sfida continua all&#8217;istante del creare.<\/p>\n\n\n\n<figure class=\"wp-block-image\"><a href=\"http:\/\/artcontest.biancoscuro.it\/site\/wp-content\/uploads\/2015\/03\/linette2.jpg\"><img loading=\"lazy\" decoding=\"async\" width=\"500\" height=\"21\" src=\"http:\/\/artcontest.biancoscuro.it\/site\/wp-content\/uploads\/2015\/03\/linette2.jpg\" alt=\".......\" class=\"wp-image-1000\" srcset=\"https:\/\/artcontest.biancoscuro.it\/site\/wp-content\/uploads\/2015\/03\/linette2.jpg 500w, https:\/\/artcontest.biancoscuro.it\/site\/wp-content\/uploads\/2015\/03\/linette2-300x13.jpg 300w\" sizes=\"auto, (max-width: 500px) 100vw, 500px\" \/><\/a><\/figure>\n\n\n\n<p><strong>Vote for this artwork!<\/strong>&nbsp;Follow Biancoscuro Art Contest on&nbsp;<a rel=\"noreferrer noopener\" href=\"https:\/\/www.facebook.com\/artcontest.biancoscuro\" target=\"_blank\"><strong>Facebook<\/strong><\/a>&nbsp;and&nbsp;<a rel=\"noreferrer noopener\" href=\"https:\/\/www.instagram.com\/biancoscuroartcontest\/\" target=\"_blank\"><strong>Instagram<\/strong><\/a> then click <strong>like!<\/strong><br><strong>Vota questa opera!&nbsp;<\/strong>Segui Biancoscuro Art Contest su <strong><a rel=\"noreferrer noopener\" href=\"https:\/\/www.facebook.com\/artcontest.biancoscuro\" target=\"_blank\">Facebook<\/a>&nbsp;e <\/strong><a rel=\"noreferrer noopener\" href=\"https:\/\/www.instagram.com\/biancoscuroartcontest\/\" target=\"_blank\"><strong>Instagram&nbsp;<\/strong><\/a>quindi clicca <strong>like!<\/strong><\/p>\n\n\n\n<figure class=\"wp-block-image\"><img loading=\"lazy\" decoding=\"async\" width=\"568\" height=\"777\" src=\"https:\/\/artcontest.biancoscuro.it\/site\/wp-content\/uploads\/2019\/06\/A-chi-continua-a-credere-nonostante-tutto-.jpg\" alt=\"\" class=\"wp-image-10281\" srcset=\"https:\/\/artcontest.biancoscuro.it\/site\/wp-content\/uploads\/2019\/06\/A-chi-continua-a-credere-nonostante-tutto-.jpg 568w, https:\/\/artcontest.biancoscuro.it\/site\/wp-content\/uploads\/2019\/06\/A-chi-continua-a-credere-nonostante-tutto--219x300.jpg 219w, https:\/\/artcontest.biancoscuro.it\/site\/wp-content\/uploads\/2019\/06\/A-chi-continua-a-credere-nonostante-tutto--450x616.jpg 450w\" sizes=\"auto, (max-width: 568px) 100vw, 568px\" \/><\/figure>\n","protected":false},"excerpt":{"rendered":"<p>A chi continua a credere, nonostante tutto. 2019 acrilico, pasta a spessore su tela 50&#215;70 cm. Monica Conca (Lodi &#8211; Italy). Nata a Lodi, dopo studi liceali artistici si diploma<a href=\"https:\/\/artcontest.biancoscuro.it\/site\/monica-conca\/\">&#8230;Read More<\/a><\/p>\n","protected":false},"author":1,"featured_media":10281,"comment_status":"closed","ping_status":"closed","sticky":false,"template":"","format":"image","meta":{"advanced_seo_description":"","jetpack_seo_html_title":"","jetpack_seo_noindex":false,"_jetpack_memberships_contains_paid_content":false,"footnotes":""},"categories":[4],"tags":[],"class_list":["post-10280","post","type-post","status-publish","format-image","has-post-thumbnail","hentry","category-pittura-painting","post_format-post-format-image"],"jetpack_featured_media_url":"https:\/\/artcontest.biancoscuro.it\/site\/wp-content\/uploads\/2019\/06\/A-chi-continua-a-credere-nonostante-tutto-.jpg","jetpack_sharing_enabled":true,"jetpack_likes_enabled":false,"_links":{"self":[{"href":"https:\/\/artcontest.biancoscuro.it\/site\/wp-json\/wp\/v2\/posts\/10280","targetHints":{"allow":["GET"]}}],"collection":[{"href":"https:\/\/artcontest.biancoscuro.it\/site\/wp-json\/wp\/v2\/posts"}],"about":[{"href":"https:\/\/artcontest.biancoscuro.it\/site\/wp-json\/wp\/v2\/types\/post"}],"author":[{"embeddable":true,"href":"https:\/\/artcontest.biancoscuro.it\/site\/wp-json\/wp\/v2\/users\/1"}],"replies":[{"embeddable":true,"href":"https:\/\/artcontest.biancoscuro.it\/site\/wp-json\/wp\/v2\/comments?post=10280"}],"version-history":[{"count":1,"href":"https:\/\/artcontest.biancoscuro.it\/site\/wp-json\/wp\/v2\/posts\/10280\/revisions"}],"predecessor-version":[{"id":10282,"href":"https:\/\/artcontest.biancoscuro.it\/site\/wp-json\/wp\/v2\/posts\/10280\/revisions\/10282"}],"wp:featuredmedia":[{"embeddable":true,"href":"https:\/\/artcontest.biancoscuro.it\/site\/wp-json\/wp\/v2\/media\/10281"}],"wp:attachment":[{"href":"https:\/\/artcontest.biancoscuro.it\/site\/wp-json\/wp\/v2\/media?parent=10280"}],"wp:term":[{"taxonomy":"category","embeddable":true,"href":"https:\/\/artcontest.biancoscuro.it\/site\/wp-json\/wp\/v2\/categories?post=10280"},{"taxonomy":"post_tag","embeddable":true,"href":"https:\/\/artcontest.biancoscuro.it\/site\/wp-json\/wp\/v2\/tags?post=10280"}],"curies":[{"name":"wp","href":"https:\/\/api.w.org\/{rel}","templated":true}]}}