{"id":10477,"date":"2019-06-25T23:43:13","date_gmt":"2019-06-25T21:43:13","guid":{"rendered":"https:\/\/artcontest.biancoscuro.it\/site\/?p=10477"},"modified":"2026-04-30T17:52:49","modified_gmt":"2026-04-30T15:52:49","slug":"biancoscuro-art-contest-6a-edizione","status":"publish","type":"post","link":"https:\/\/artcontest.biancoscuro.it\/site\/biancoscuro-art-contest-6a-edizione\/","title":{"rendered":"BIANCOSCURO Art Contest 6\u00aa edizione"},"content":{"rendered":"\n<h1 class=\"wp-block-heading\">Ultimi giorni per vincere la COPERTINA o la mostra personale in Svizzera!<\/h1>\n\n\n\n<h3 class=\"wp-block-heading\">In palio&nbsp;la <strong>COPERTINA<\/strong> sul bimestrale, mostre&nbsp;a <strong>Montreux<\/strong> (Svizzera),&nbsp;<strong>Marbella<\/strong> (Spagna),&nbsp;<strong>Varese<\/strong>&nbsp;e Parma (Italia), premiazione&nbsp;a <strong>Monte-Carlo<\/strong>&nbsp;nel Principato di Monaco!<\/h3>\n\n\n\n<p><strong><a rel=\"noreferrer noopener\" href=\"https:\/\/artcontest.biancoscuro.it\/\" target=\"_blank\">BIANCOSCURO Art Contest<\/a><\/strong>, il&nbsp;contest ideato da <strong>BIANCOSCURO<\/strong>&nbsp;per&nbsp;pittori,  scultori, fotografi e grafici, \u00e8&nbsp;giunto con successo alla sesta  edizione. Il concorso d\u00e0&nbsp;la&nbsp;possibilit\u00e0 di essere \u201c<strong>in prima pagina<\/strong>\u201d o mettere in mostra le proprie opere nella splendida cornice&nbsp;di <strong>Montreux, in Svizzera <\/strong>o nell\u2019incantevole citt\u00e0 di<strong> Marbella in Spagna<\/strong>. Tra&nbsp;i premi anche l\u2019esposizione presso <strong>Art Parma <\/strong>a settembre, evento che, in concomitanza con il &#8220;Mercante in Fiera&#8221;, attira migliaia di visitatori da tutta europa.<br>La&nbsp;giuria BIANCOSCURO&nbsp;<strong>premier\u00e0 gli artisti<\/strong>&nbsp;distinti<strong>&nbsp;a ottobre a Monte-Carlo<\/strong>&nbsp;(Principato di Monaco). I premi in palio sono 32 e grazie agli sponsor il montepremi \u00e8 di oltre 50.000 \u20ac <\/p>\n\n\n\n<p> Confermato anche per il 2019 l&#8217;<strong>Artists Management<\/strong> <strong>internazionale<\/strong>  che consiste nella stipula di un contratto della validit\u00e0 di un anno,  eventualmente rinnovabile,&nbsp;per l\u2019attivit\u00e0 di promozione e vendita delle  opere realizzate dal vincitore: una grande opportunit\u00e0 per entrare a far  parte del mercato nazionale ed internazionale <\/p>\n\n\n\n<figure class=\"wp-block-image alignnone\"><a href=\"http:\/\/artcontest.biancoscuro.it\/site\/iscrizione-online-registration\/\" rel=\"noopener\"><img decoding=\"async\" src=\"https:\/\/www.biancoscuro.it\/site\/wp-content\/uploads\/2014\/02\/LogoBAC2016-1000px.jpg\" alt=\"biancoscuro art contest\"\/><\/a><figcaption>BIANCOSCURO ART CONTEST<\/figcaption><\/figure>\n\n\n\n<h3 class=\"wp-block-heading\"> <a href=\"https:\/\/artcontest.biancoscuro.it\/site\/iscrizione-online-registration\/\" target=\"_blank\" rel=\"noreferrer noopener\" aria-label=\" (apre in una nuova scheda)\">Iscriviti subito &nbsp;al&nbsp;BIANCOSCURO Art Contest 6\u00aa edizione!<\/a><\/h3>\n\n\n\n<p>La giuria <strong>BIANCOSCURO<\/strong> \u00e8 composta da:<\/p>\n\n\n\n<ul class=\"wp-block-list\"><li><strong>Vincenzo Chetta<\/strong>&nbsp;&#8211; Direttore della Rivista d\u2019Arte&nbsp;<strong>Biancoscuro<\/strong>;<\/li><li><strong>Alfredo Pasolino<\/strong>&nbsp;&#8211; Storico dell\u2019arte e <strong>Critico internazionale<\/strong>;<\/li><li><strong>Jean Fran\u00e7ois Gailloud<\/strong>&nbsp;&#8211; Presidente del <a rel=\"noreferrer noopener\" href=\"http:\/\/www.mag-swiss.com\" target=\"_blank\"><strong>MAG \u2013 Montreux ArtGallery<\/strong><\/a>;<\/li><li><strong>Daniela Malabaila<\/strong>&nbsp;&#8211;&nbsp;Caporedattrice Biancoscuro Rivista d\u2019Arte;<\/li><li><strong>Marie H\u00e9l\u00e8ne Heusghem<\/strong>&nbsp;\u00e8 Direttore del&nbsp; <a rel=\"noreferrer noopener\" href=\"http:\/\/www.mag-swiss.com\" target=\"_blank\">MAG \u2013 <strong>Montreux Art Gallery<\/strong><\/a>;<\/li><li><strong>Mona Youssef<\/strong>&nbsp;Gallerista&nbsp;<strong>Canadese<\/strong> \u00e8 specializzata in <strong>Fine Art B.F.A.<\/strong> (Bachelor of Fine Arts);<\/li><li><strong>Franco&nbsp;Crugnola<\/strong>&nbsp;titolare e curatore della <strong>Showcases Gallery<\/strong> di Varese;<\/li><li><strong>Elena Cicchetti<\/strong>&nbsp;Presidente dell\u2019Associazione&nbsp;<strong>Art in The World<\/strong>;<\/li><li><strong>Salvatore Mainardi<\/strong>&nbsp;Corrispondente estero per <strong>BIANCOSCURO<\/strong>&nbsp;in Svizzera e Gallerista presso&nbsp;<strong>MainArt \u2013 Zurich<\/strong>;<\/li><li><strong>Isabella Rigamonti&nbsp;<\/strong>Architetto,&nbsp;redazione&nbsp;<strong>BIANCOSCURO<\/strong>&nbsp;Rivista d\u2019Arte;<\/li><li><strong>Mario Gambatesa&nbsp;<\/strong>Critico d\u2019Arte, redazione <strong>BIANCOSCURO<\/strong>&nbsp;Rivista d\u2019Arte;<\/li><li><strong>Lucia&nbsp;Garnero<\/strong>&nbsp;Architetto,&nbsp;redazione&nbsp;<strong>BIANCOSCURO<\/strong>&nbsp;Rivista d\u2019Arte.<\/li><\/ul>\n\n\n\n<figure><iframe loading=\"lazy\" src=\"https:\/\/indd.adobe.com\/embed\/a1439cee-9ca9-430f-a288-680269bc7105?startpage=1&amp;allowFullscreen=true\" allowfullscreen=\"allowfullscreen\" width=\"1000px\" height=\"708px\"><\/iframe><\/figure>\n\n\n\n<h4 class=\"wp-block-heading\"><strong>BIANCOSCURO Art Contest, <a href=\"https:\/\/artcontest.biancoscuro.it\/site\/iscrizione-online-registration\/\" target=\"_blank\" rel=\"noreferrer noopener\" aria-label=\"il tema \u00e8 libero, partecipare \u00e8 semplice! (apre in una nuova scheda)\">il tema \u00e8 libero, partecipare \u00e8 semplice!<\/a><\/strong><\/h4>\n\n\n\n<p>In palio: <strong>4 copertine<\/strong> sulla Rivista d\u2019Arte BIANCOSCURO, <strong>4&nbsp;mostre personali<\/strong>, <strong>4 Artists Management<\/strong>, <strong>16 mostre collettive<\/strong>, <strong>4 eBook personali<\/strong> condivisibili sui social&nbsp;(con possibilit\u00e0 di stampa).<br><strong>Cerimonia&nbsp;di premiazione il 21 settembre 2019 a Monte-Carlo nel Principato di Monaco<\/strong>.<br>\u00c8 previsto inoltre l&#8217;<strong>Attestato di partecipazione<\/strong> e la&nbsp;<strong>pubblicazione di tutte le opere<\/strong> in concorso,&nbsp;sul <strong>sito dedicato&nbsp;<a rel=\"noreferrer noopener\" href=\"https:\/\/artcontest.biancoscuro.it\/site\/\" target=\"_blank\">artcontest.biancoscuro.it<\/a><\/strong>&nbsp;e&nbsp;sul numero di agosto\/settembre 2019 della&nbsp;Rivista d\u2019Arte BIANCOSCURO. <\/p>\n\n\n\n<p>\u00c8 previsto anche un <strong>premio giuria popolare<\/strong>, i primi artisti che per ogni categoria riceveranno maggiori consensi sui social, vinceranno la <strong>realizzazione creativa di un eBook digitale<\/strong> composto da 32 pagine, in formato A4 (210\u00d7297 cm) oppure A5 (148\u00d7210 cm). <strong>Questo ebook sar\u00e0 fornito in formato digitale e<\/strong>&nbsp;sar\u00e0 condiviso sul nostro&nbsp;sul sito ufficiale&nbsp;<a rel=\"noreferrer noopener\" href=\"http:\/\/www.biancoscuro.it\/\" target=\"_blank\">www.biancoscuro.it<\/a>.&nbsp;<a rel=\"noreferrer noopener\" href=\"http:\/\/biancoscuro.liberementi.it\/site\/tariffe\/\" target=\"_blank\">Maggiori info sull\u2019eBook a questa pagina<\/a>. Ricordiamo che, a seconda della necessit\u00e0, l\u2019ebook potr\u00e0 essere stampato oppure semplicemente condiviso sui social network. <\/p>\n\n\n\n<h4 class=\"wp-block-heading\"><strong>Cosa aspetti? <\/strong>il prossimo artista sulla copertina di BIANCOSCURO Rivista d\u2019Arte<strong> potresti essere proprio tu!&nbsp;<\/strong><a rel=\"noreferrer noopener\" href=\"http:\/\/artcontest.biancoscuro.it\/site\/iscrizione-online-registration\/\" target=\"_blank\">Iscriviti subito, <strong>clicca qui!<\/strong><\/a><\/h4>\n\n\n\n<figure class=\"wp-block-image\"><img loading=\"lazy\" decoding=\"async\" width=\"997\" height=\"997\" src=\"https:\/\/artcontest.biancoscuro.it\/site\/wp-content\/uploads\/2019\/04\/Monte-CarloBAY-BACpromo2019-1000.jpg\" alt=\"\" class=\"wp-image-9623\" srcset=\"https:\/\/artcontest.biancoscuro.it\/site\/wp-content\/uploads\/2019\/04\/Monte-CarloBAY-BACpromo2019-1000.jpg 997w, https:\/\/artcontest.biancoscuro.it\/site\/wp-content\/uploads\/2019\/04\/Monte-CarloBAY-BACpromo2019-1000-150x150.jpg 150w, https:\/\/artcontest.biancoscuro.it\/site\/wp-content\/uploads\/2019\/04\/Monte-CarloBAY-BACpromo2019-1000-300x300.jpg 300w, https:\/\/artcontest.biancoscuro.it\/site\/wp-content\/uploads\/2019\/04\/Monte-CarloBAY-BACpromo2019-1000-768x768.jpg 768w, https:\/\/artcontest.biancoscuro.it\/site\/wp-content\/uploads\/2019\/04\/Monte-CarloBAY-BACpromo2019-1000-450x450.jpg 450w, https:\/\/artcontest.biancoscuro.it\/site\/wp-content\/uploads\/2019\/04\/Monte-CarloBAY-BACpromo2019-1000-600x600.jpg 600w\" sizes=\"auto, (max-width: 997px) 100vw, 997px\" \/><\/figure>\n\n\n\n<p> <strong>Del BIANCOSCURO Art Contest<\/strong>, di tutti i suoi partecipanti e dei suoi vincitori verr\u00e0 dato ampio risalto&nbsp;<strong>sulla Rivista d\u2019Arte BIANCOSCURO<\/strong>, sul sito internet dedicato&nbsp;<a rel=\"noreferrer noopener\" href=\"http:\/\/artcontest.biancoscuro.it\/\" target=\"_blank\">artcontest.biancoscuro.it<\/a>&nbsp;sul sito ufficiale&nbsp;<a rel=\"noreferrer noopener\" href=\"http:\/\/www.biancoscuro.it\/\" target=\"_blank\">www.biancoscuro.it<\/a>, sulla nostra fan page Facebook&nbsp;<a rel=\"noreferrer noopener\" href=\"http:\/\/www.facebook.com\/artcontest.biancoscuro\" target=\"_blank\">www.facebook.com\/artcontest.biancoscuro<\/a>, sulla nostra fan page  Instagram <a rel=\"noreferrer noopener\" href=\"https:\/\/www.instagram.com\/biancoscuroartcontest\/\" target=\"_blank\">www.instagram.com\/biancoscuroartcontest&nbsp; <\/a>e sul nostro gruppo&nbsp;<a rel=\"noreferrer noopener\" href=\"http:\/\/www.facebook.com\/groups\/biancoscuro\" target=\"_blank\">www.facebook.com\/groups\/biancoscuro<\/a> <\/p>\n","protected":false},"excerpt":{"rendered":"<p>Ultimi giorni per vincere la COPERTINA o la mostra personale in Svizzera! In palio&nbsp;la COPERTINA sul bimestrale, mostre&nbsp;a Montreux (Svizzera),&nbsp;Marbella (Spagna),&nbsp;Varese&nbsp;e Parma (Italia), premiazione&nbsp;a Monte-Carlo&nbsp;nel Principato di Monaco! BIANCOSCURO Art<a href=\"https:\/\/artcontest.biancoscuro.it\/site\/biancoscuro-art-contest-6a-edizione\/\">&#8230;Read More<\/a><\/p>\n","protected":false},"author":1,"featured_media":9623,"comment_status":"closed","ping_status":"closed","sticky":false,"template":"","format":"standard","meta":{"advanced_seo_description":"","jetpack_seo_html_title":"","jetpack_seo_noindex":false,"_jetpack_memberships_contains_paid_content":false,"footnotes":""},"categories":[505,10],"tags":[20,399,503,21,22],"class_list":["post-10477","post","type-post","status-publish","format-standard","has-post-thumbnail","hentry","category-bac-montecarlo-edition","category-biancoscuro","tag-bac","tag-bac-montecarlo-edition","tag-bac-montecarlo-edition-articles","tag-biancoscuro","tag-biancoscuro-art-contest"],"jetpack_featured_media_url":"https:\/\/artcontest.biancoscuro.it\/site\/wp-content\/uploads\/2019\/04\/Monte-CarloBAY-BACpromo2019-1000.jpg","jetpack_sharing_enabled":true,"jetpack_likes_enabled":false,"_links":{"self":[{"href":"https:\/\/artcontest.biancoscuro.it\/site\/wp-json\/wp\/v2\/posts\/10477","targetHints":{"allow":["GET"]}}],"collection":[{"href":"https:\/\/artcontest.biancoscuro.it\/site\/wp-json\/wp\/v2\/posts"}],"about":[{"href":"https:\/\/artcontest.biancoscuro.it\/site\/wp-json\/wp\/v2\/types\/post"}],"author":[{"embeddable":true,"href":"https:\/\/artcontest.biancoscuro.it\/site\/wp-json\/wp\/v2\/users\/1"}],"replies":[{"embeddable":true,"href":"https:\/\/artcontest.biancoscuro.it\/site\/wp-json\/wp\/v2\/comments?post=10477"}],"version-history":[{"count":2,"href":"https:\/\/artcontest.biancoscuro.it\/site\/wp-json\/wp\/v2\/posts\/10477\/revisions"}],"predecessor-version":[{"id":10934,"href":"https:\/\/artcontest.biancoscuro.it\/site\/wp-json\/wp\/v2\/posts\/10477\/revisions\/10934"}],"wp:featuredmedia":[{"embeddable":true,"href":"https:\/\/artcontest.biancoscuro.it\/site\/wp-json\/wp\/v2\/media\/9623"}],"wp:attachment":[{"href":"https:\/\/artcontest.biancoscuro.it\/site\/wp-json\/wp\/v2\/media?parent=10477"}],"wp:term":[{"taxonomy":"category","embeddable":true,"href":"https:\/\/artcontest.biancoscuro.it\/site\/wp-json\/wp\/v2\/categories?post=10477"},{"taxonomy":"post_tag","embeddable":true,"href":"https:\/\/artcontest.biancoscuro.it\/site\/wp-json\/wp\/v2\/tags?post=10477"}],"curies":[{"name":"wp","href":"https:\/\/api.w.org\/{rel}","templated":true}]}}