{"id":10521,"date":"2019-06-18T17:49:22","date_gmt":"2019-06-18T15:49:22","guid":{"rendered":"https:\/\/artcontest.biancoscuro.it\/site\/?p=10521"},"modified":"2019-07-02T18:11:23","modified_gmt":"2019-07-02T16:11:23","slug":"umberto-barillaro","status":"publish","type":"post","link":"https:\/\/artcontest.biancoscuro.it\/site\/umberto-barillaro\/","title":{"rendered":"Umberto Barillaro"},"content":{"rendered":"\n<figure class=\"wp-block-image\"><img loading=\"lazy\" decoding=\"async\" width=\"500\" height=\"22\" src=\"http:\/\/artcontest.biancoscuro.it\/site\/wp-content\/uploads\/2015\/03\/linette1.jpg\" alt=\".......\" class=\"wp-image-1001\" srcset=\"https:\/\/artcontest.biancoscuro.it\/site\/wp-content\/uploads\/2015\/03\/linette1.jpg 500w, https:\/\/artcontest.biancoscuro.it\/site\/wp-content\/uploads\/2015\/03\/linette1-300x13.jpg 300w\" sizes=\"auto, (max-width: 500px) 100vw, 500px\" \/><\/figure>\n\n\n\n<p>  La Regina dei tempi futuri<br> 2018<br> olio e acrilico su cartone telato<br> 50&#215;70  cm.<\/p>\n\n\n\n<p><strong>Umberto Barillaro <\/strong><em>(Prato- Italy)<\/em> \u00e8 nato a Imperia nel 1941, ma \u00e8 cresciuto e si \u00e8 formato culturalmente a Firenze. Della sua attivit\u00e0 figurativa hanno scritto i critici Lia Ciatto,Giorgio  Falossi,Angelo Crapanzano,N.Giove,Giulia Sillato,Paolo Levi,Serena  Carlino,Vittorio Sgarbi,Prof. Rosario Pinto,ecc.<br> Tra le sue partecipazioni si ricorda: i premi quadriennali di Roma e Venezia,promossi dall\u2019associazione il  Quadrato di Milano e i premi Asia e Russia,promossi dall\u2019associazione  Italart.Il premio Antoniano di Bologna e l\u2019esposizione di New York.La  partecipazione alla fiera d\u2019arte di Padova e la Biennale d\u2019arte di  Palermo.La 1\u00b0 mostra della creativit\u00e0 di Verona e la biennale d\u2019arte di  Firenze 2013.Ha partecipato alla collettiva presso Cypress College Art  Gallery di Los Angeles,California(USA) nell\u2019Ottobre 2015  e,successivamente alla collettiva presso la Jadite Galleries di New York  (USA)dall\u201908 al 15 luglio 2016.Nel 2017,Collettiva presso il palazzo  Bellini di Firenze.<br> 26\/05\/2018-mostra collettiva a Roma: Galleria La Pigna-Associazione Napoli nostra.<br> 17\/03\/2018-mostra collettiva Circolo Artisti di Torino- Associazione napoli Nostra.<br> Premio \u201cprogetto Sgarbi\u201d-centro diffusione arte di palermo.<br> Collettiva pinacoteca Le Porte,Napoli-associazione Napoli nostra.<br> 19\/21 gennaio 2018,\u201dpremio Brunelleschi\u201d Firenze- EA editore Palermo.<br> 24\/09\/2017, Premio internazionale Berlino- EA editore Palermo.<br> Premio \u201cTavolozza d\u2019argento\u201d-EA editore Palermo.<br> 09\/07\/2018,video esposizione \u201cthe Crypt Gallery\u201d Londra- Ass. Spoleto arte Trento.<br> 06\/09\/2018,mostra collettiva Anacapri- Ass. Napoli Nostra.<br> Dal 27\/02 al 27\/08\/2019,video proiezione Roma,Lisbona,Parigi- EA editore Palermo.<br> Dal 03\/07 al 14\/11\/2018,Biennale di Bruges(Fiandre)- EA editore Palermo.<br> 25\/11\/2018,mostra collettiva\u201dMi fido di te\u201dcontro la violenza femminile-EA editore P<br> Inserito sul Catalogo dell\u2019Arte De Agostini 2019. Soc. START.<br> Inserito sul catalogo dell\u2019arte Arnaldo Mondadori 2019- EA editore Palermo<br> Gi\u00e0 presente sugli annuari: catalogo Mondadori,catalogo del  Quadrato,annuario del Centro diffusione arte,Effetto&nbsp; arte e rivista Bo\u00e8  di Palermo.<br> &nbsp; &nbsp; &nbsp; &nbsp; &nbsp; &nbsp; &nbsp; &nbsp; &nbsp; &nbsp; &nbsp; &nbsp; &nbsp; &nbsp; &nbsp; &nbsp; &nbsp; &nbsp; &nbsp; &nbsp; &nbsp; &nbsp; &nbsp; &nbsp; &nbsp; &nbsp; *******************<br> Ha, inoltre,ottenuto premi di poesia e narrativa,pubblicando nelle  antologie:Premio S. Valentino di Terni e \u201cPoetando\u201d di Antonio Carello  editore.\u201dAntologie\u201d di Franco Tralli,editore di Bologna.\u201dAntologie\u201ddella  casa editrice il Quadrato di Milano.<br> Recensito dai critici: Crapanzano, Pensa, Falossi, Venanzio, Strengacci, Panzano, Passaponti.<br> L\u2019Editrice Ibiskos di Empoli,ha pubblicato:\u201dOmbre della sera\u201de il  romanzo\u201d Lettere al cugino di New York\u201d .Nel 2013 la casa editrice  Ibiskos Risolo di Empoli, ha pubblicato il romanzo:\u201dLa bella giovent\u00f9\u201d e  nel 2015 il romanzo:\u201dAntonio Basile,migrante in america\u201d. Mentre nel  2016 viene pubblicato il libro di poesie\u201dNella stanza dei sogni\u201d. <\/p>\n\n\n\n<figure class=\"wp-block-image\"><a href=\"http:\/\/artcontest.biancoscuro.it\/site\/wp-content\/uploads\/2015\/03\/linette2.jpg\"><img loading=\"lazy\" decoding=\"async\" width=\"500\" height=\"21\" src=\"http:\/\/artcontest.biancoscuro.it\/site\/wp-content\/uploads\/2015\/03\/linette2.jpg\" alt=\".......\" class=\"wp-image-1000\" srcset=\"https:\/\/artcontest.biancoscuro.it\/site\/wp-content\/uploads\/2015\/03\/linette2.jpg 500w, https:\/\/artcontest.biancoscuro.it\/site\/wp-content\/uploads\/2015\/03\/linette2-300x13.jpg 300w\" sizes=\"auto, (max-width: 500px) 100vw, 500px\" \/><\/a><\/figure>\n\n\n\n<p><strong>Vote for this artwork!<\/strong>&nbsp;Follow Biancoscuro Art Contest on&nbsp;<a rel=\"noreferrer noopener\" href=\"https:\/\/www.facebook.com\/artcontest.biancoscuro\" target=\"_blank\"><strong>Facebook<\/strong><\/a>&nbsp;and&nbsp;<a rel=\"noreferrer noopener\" href=\"https:\/\/www.instagram.com\/biancoscuroartcontest\/\" target=\"_blank\"><strong>Instagram<\/strong><\/a> then click <strong>like!<\/strong><br><strong>Vota questa opera!&nbsp;<\/strong>Segui Biancoscuro Art Contest su <strong><a rel=\"noreferrer noopener\" href=\"https:\/\/www.facebook.com\/artcontest.biancoscuro\" target=\"_blank\">Facebook<\/a>&nbsp;e <\/strong><a rel=\"noreferrer noopener\" href=\"https:\/\/www.instagram.com\/biancoscuroartcontest\/\" target=\"_blank\"><strong>Instagram&nbsp;<\/strong><\/a>quindi clicca <strong>like!<\/strong><\/p>\n\n\n\n<figure class=\"wp-block-image\"><img loading=\"lazy\" decoding=\"async\" width=\"565\" height=\"777\" src=\"https:\/\/artcontest.biancoscuro.it\/site\/wp-content\/uploads\/2019\/06\/LA-REGINA-DEI-TEMPI-FUTURIolio-e-acrilico-su-cartone-telato-50x70anno-2017.jpg\" alt=\"\" class=\"wp-image-10508\" srcset=\"https:\/\/artcontest.biancoscuro.it\/site\/wp-content\/uploads\/2019\/06\/LA-REGINA-DEI-TEMPI-FUTURIolio-e-acrilico-su-cartone-telato-50x70anno-2017.jpg 565w, https:\/\/artcontest.biancoscuro.it\/site\/wp-content\/uploads\/2019\/06\/LA-REGINA-DEI-TEMPI-FUTURIolio-e-acrilico-su-cartone-telato-50x70anno-2017-218x300.jpg 218w, https:\/\/artcontest.biancoscuro.it\/site\/wp-content\/uploads\/2019\/06\/LA-REGINA-DEI-TEMPI-FUTURIolio-e-acrilico-su-cartone-telato-50x70anno-2017-450x619.jpg 450w\" sizes=\"auto, (max-width: 565px) 100vw, 565px\" \/><\/figure>\n","protected":false},"excerpt":{"rendered":"<p>La Regina dei tempi futuri 2018 olio e acrilico su cartone telato 50&#215;70 cm. Umberto Barillaro (Prato- Italy) \u00e8 nato a Imperia nel 1941, ma \u00e8 cresciuto e si \u00e8<a href=\"https:\/\/artcontest.biancoscuro.it\/site\/umberto-barillaro\/\">&#8230;Read More<\/a><\/p>\n","protected":false},"author":1,"featured_media":10508,"comment_status":"closed","ping_status":"closed","sticky":false,"template":"","format":"image","meta":{"advanced_seo_description":"","jetpack_seo_html_title":"","jetpack_seo_noindex":false,"_jetpack_memberships_contains_paid_content":false,"footnotes":""},"categories":[4],"tags":[],"class_list":["post-10521","post","type-post","status-publish","format-image","has-post-thumbnail","hentry","category-pittura-painting","post_format-post-format-image"],"jetpack_featured_media_url":"https:\/\/artcontest.biancoscuro.it\/site\/wp-content\/uploads\/2019\/06\/LA-REGINA-DEI-TEMPI-FUTURIolio-e-acrilico-su-cartone-telato-50x70anno-2017.jpg","jetpack_sharing_enabled":true,"jetpack_likes_enabled":false,"_links":{"self":[{"href":"https:\/\/artcontest.biancoscuro.it\/site\/wp-json\/wp\/v2\/posts\/10521","targetHints":{"allow":["GET"]}}],"collection":[{"href":"https:\/\/artcontest.biancoscuro.it\/site\/wp-json\/wp\/v2\/posts"}],"about":[{"href":"https:\/\/artcontest.biancoscuro.it\/site\/wp-json\/wp\/v2\/types\/post"}],"author":[{"embeddable":true,"href":"https:\/\/artcontest.biancoscuro.it\/site\/wp-json\/wp\/v2\/users\/1"}],"replies":[{"embeddable":true,"href":"https:\/\/artcontest.biancoscuro.it\/site\/wp-json\/wp\/v2\/comments?post=10521"}],"version-history":[{"count":3,"href":"https:\/\/artcontest.biancoscuro.it\/site\/wp-json\/wp\/v2\/posts\/10521\/revisions"}],"predecessor-version":[{"id":10527,"href":"https:\/\/artcontest.biancoscuro.it\/site\/wp-json\/wp\/v2\/posts\/10521\/revisions\/10527"}],"wp:featuredmedia":[{"embeddable":true,"href":"https:\/\/artcontest.biancoscuro.it\/site\/wp-json\/wp\/v2\/media\/10508"}],"wp:attachment":[{"href":"https:\/\/artcontest.biancoscuro.it\/site\/wp-json\/wp\/v2\/media?parent=10521"}],"wp:term":[{"taxonomy":"category","embeddable":true,"href":"https:\/\/artcontest.biancoscuro.it\/site\/wp-json\/wp\/v2\/categories?post=10521"},{"taxonomy":"post_tag","embeddable":true,"href":"https:\/\/artcontest.biancoscuro.it\/site\/wp-json\/wp\/v2\/tags?post=10521"}],"curies":[{"name":"wp","href":"https:\/\/api.w.org\/{rel}","templated":true}]}}