{"id":11187,"date":"2019-12-28T16:29:59","date_gmt":"2019-12-28T14:29:59","guid":{"rendered":"https:\/\/artcontest.biancoscuro.it\/site\/?p=11187"},"modified":"2019-12-28T16:30:00","modified_gmt":"2019-12-28T14:30:00","slug":"gianpaolo-marchesi-4","status":"publish","type":"post","link":"https:\/\/artcontest.biancoscuro.it\/site\/gianpaolo-marchesi-4\/","title":{"rendered":"Gianpaolo Marchesi"},"content":{"rendered":"\n<figure class=\"wp-block-image\"><img loading=\"lazy\" decoding=\"async\" width=\"500\" height=\"22\" src=\"http:\/\/artcontest.biancoscuro.it\/site\/wp-content\/uploads\/2015\/03\/linette1.jpg\" alt=\".......\" class=\"wp-image-1001\" srcset=\"https:\/\/artcontest.biancoscuro.it\/site\/wp-content\/uploads\/2015\/03\/linette1.jpg 500w, https:\/\/artcontest.biancoscuro.it\/site\/wp-content\/uploads\/2015\/03\/linette1-300x13.jpg 300w\" sizes=\"auto, (max-width: 500px) 100vw, 500px\" \/><\/figure>\n\n\n\n<p> I colori della biodiversit\u00e0<br> 2015<br> fotografia digitale<br> 75x100x3 cm.<\/p>\n\n\n\n<p><strong>Gianpaolo Marchesi<\/strong> <em>(Castelnovo ne&#8217; Monti &#8211; Reggio Emilia, Italy)<\/em>. Vive ed opera a Castelnovo n\u00e9 Monti (RE) dove svolge le professioni di ingegnere ed insegnante.  La sua passione per l&#8217;arte \u00e8 plurale ed eclettica, infatti spazia dalla pittura alla fotografia, dalla scultura alla musica.<br>Ha partecipato a mostre collettive e personali in diverse citt\u00e0 italiane: Rubiera, Mantova, Bologna, Venezia,Reggio Emilia, Brescia, Fabriano, Orbetello, Messina, Castelnovo Monti (RE), Milano e Lodi.<\/p>\n\n\n\n<p><strong>Pubblicazioni<\/strong><br>\u201cPittori e scultori italiani del novecento\u201d Ed. il quadrato 1988 <br> \u201cEnciclopedia dei pittori e scultori italiani del novecento\u201d Ed. il quadrato 1990 <br> \u201cPittori e scultori di importanza europea\u201d Ed. il quadrato 1992<br>Biodiversit\u00e0 musicale: n.6 brani musicali-in mini concerto alla fisarmonica Gianpaolo Marchesi<\/p>\n\n\n\n<blockquote class=\"wp-block-quote is-layout-flow wp-block-quote-is-layout-flow\"><p><strong>PROGETTO \u201cI colori della biodiversit\u00e0\u201d<\/strong><br>L\u2019arte per l\u2019artista, oltre a essere un valore in s\u00e9, deve avere una ricaduta sociale. La passione per le piante da frutto antiche, che lo anima, ha fatto nascere il progetto\u201dI colori della biodiversit\u00e0\u201d.<br>Tutto \u00e8 iniziato diversi anni fa, in concomitanza dell&#8217;inaugurazione del decennio della Biodiversit\u00e0 (2011-2020), da una ricerca scolastica che si occupava del recupero e della valorizzazione delle variet\u00e0 di frutta antica, mediante lo studio e l&#8217;applicazione di diverse tecniche di innesto. Lo scopo di tale ricerca era avviare un programma per un arricchimento della Biodiversit\u00e0 attraverso forme e contributi volti alla sensibilizzazione dell&#8217;opinione pubblica sul grave problema attuale: \u201cLa progressiva perdita della Biodiversit\u00e0\u201d. Inizialmente il progetto era rappresentato da opere di pittura realizzate con la tecnica dell&#8217;affresco. Ora, invece, la sua attenzione si \u00e8 soffermata  sulla fotografia concettuale di scene cromo-luminose ottenute in camera oscura,  proiettando fasci di luce monocromatica sul soggetto e fotografandone, poi, le relative ombre colorate. Pertanto gli effetti visivi sono realizzati da una attenta e meticolosa preparazione della scena, una tecnica fotografica innovativa e creativa basata sulla teoria delle ombre colorate, un linguaggio visivo ed espressivo che unisce arte e scienza, per esprimere la bellezza cromatica e la vibrazione energetica della natura. L\u2019artista nella sua ricerca\/sperimentazione e indagine, quasi surreale, unite alla stampa delle sue opere su tela, ha portato la fotografia verso un uso pittorico. <br>L\u2019artista ultimamente ha integrato il suo progetto con opere di scultura su pietra e relazionando il tutto  in conferenze \u2026 con sorpresa finale per chi ama la musica (mini concerto di fisarmonica-la Biodiversit\u00e0 Musicale). <br>L\u2019artista inoltre mette a disposizione la sua esperienza per proporre a Scuole e Musei un\u2019attivit\u00e0 didattica per far partecipare i bambini ad un laboratorio di arte visiva alla scoperta delle OMBRE COLORATE.<br>Pertanto l\u2019obiettivo sociale del progetto con le sue opere di pittura, fotografia di ombre colorate, scultura, conferenze terminanti con mini concerti di fisarmonica \u00e8 quello di sensibilizzare l&#8217;opinione pubblica mondiale sul grave problema attuale, che coinvolge tutti noi, &#8220;La progressiva perdita della Biodiversit\u00e0\u201d.<\/p><cite>Gianpaolo Marchesi<\/cite><\/blockquote>\n\n\n\n<p><strong>WEB<\/strong>: marchesigianpaolo.wix.com\/gianpaolomarchesi<br><strong>Facebook<\/strong>: \/gianpaolomarchesi54<br><\/p>\n\n\n\n<figure class=\"wp-block-image\"><a href=\"http:\/\/artcontest.biancoscuro.it\/site\/wp-content\/uploads\/2015\/03\/linette2.jpg\"><img loading=\"lazy\" decoding=\"async\" width=\"500\" height=\"21\" src=\"http:\/\/artcontest.biancoscuro.it\/site\/wp-content\/uploads\/2015\/03\/linette2.jpg\" alt=\".......\" class=\"wp-image-1000\" srcset=\"https:\/\/artcontest.biancoscuro.it\/site\/wp-content\/uploads\/2015\/03\/linette2.jpg 500w, https:\/\/artcontest.biancoscuro.it\/site\/wp-content\/uploads\/2015\/03\/linette2-300x13.jpg 300w\" sizes=\"auto, (max-width: 500px) 100vw, 500px\" \/><\/a><\/figure>\n\n\n\n<p><strong>Vote for this artwork!<\/strong>&nbsp;Follow Biancoscuro Art Contest on&nbsp;<a rel=\"noreferrer noopener\" href=\"https:\/\/www.facebook.com\/artcontest.biancoscuro\" target=\"_blank\"><strong>Facebook<\/strong><\/a>&nbsp;and&nbsp;<a rel=\"noreferrer noopener\" href=\"https:\/\/www.instagram.com\/biancoscuroartcontest\/\" target=\"_blank\"><strong>Instagram<\/strong><\/a> then click <strong>like!<\/strong><br><strong>Vota questa opera!&nbsp;<\/strong>Segui Biancoscuro Art Contest su <strong><a rel=\"noreferrer noopener\" href=\"https:\/\/www.facebook.com\/artcontest.biancoscuro\" target=\"_blank\">Facebook<\/a>&nbsp;e <\/strong><a rel=\"noreferrer noopener\" href=\"https:\/\/www.instagram.com\/biancoscuroartcontest\/\" target=\"_blank\"><strong>Instagram&nbsp;<\/strong><\/a>quindi clicca <strong>like!<\/strong><\/p>\n\n\n\n<figure class=\"wp-block-image size-medium\"><img loading=\"lazy\" decoding=\"async\" width=\"300\" height=\"225\" src=\"https:\/\/artcontest.biancoscuro.it\/site\/wp-content\/uploads\/2019\/12\/5e490125c8713ac727eb196b32321afa-300x225.jpg\" alt=\"\" class=\"wp-image-11188\" srcset=\"https:\/\/artcontest.biancoscuro.it\/site\/wp-content\/uploads\/2019\/12\/5e490125c8713ac727eb196b32321afa-300x225.jpg 300w, https:\/\/artcontest.biancoscuro.it\/site\/wp-content\/uploads\/2019\/12\/5e490125c8713ac727eb196b32321afa-768x576.jpg 768w, https:\/\/artcontest.biancoscuro.it\/site\/wp-content\/uploads\/2019\/12\/5e490125c8713ac727eb196b32321afa-450x337.jpg 450w, https:\/\/artcontest.biancoscuro.it\/site\/wp-content\/uploads\/2019\/12\/5e490125c8713ac727eb196b32321afa-600x450.jpg 600w, https:\/\/artcontest.biancoscuro.it\/site\/wp-content\/uploads\/2019\/12\/5e490125c8713ac727eb196b32321afa.jpg 999w\" sizes=\"auto, (max-width: 300px) 100vw, 300px\" \/><\/figure>\n","protected":false},"excerpt":{"rendered":"<p>I colori della biodiversit\u00e0 2015 fotografia digitale 75x100x3 cm. Gianpaolo Marchesi (Castelnovo ne&#8217; Monti &#8211; Reggio Emilia, Italy). Vive ed opera a Castelnovo n\u00e9 Monti (RE) dove svolge le professioni<a href=\"https:\/\/artcontest.biancoscuro.it\/site\/gianpaolo-marchesi-4\/\">&#8230;Read More<\/a><\/p>\n","protected":false},"author":1,"featured_media":11188,"comment_status":"closed","ping_status":"closed","sticky":false,"template":"","format":"image","meta":{"advanced_seo_description":"","jetpack_seo_html_title":"","jetpack_seo_noindex":false,"_jetpack_memberships_contains_paid_content":false,"footnotes":""},"categories":[15,6],"tags":[],"class_list":["post-11187","post","type-post","status-publish","format-image","has-post-thumbnail","hentry","category-bac-winter-edition","category-fotografia-photography","post_format-post-format-image"],"jetpack_featured_media_url":"https:\/\/artcontest.biancoscuro.it\/site\/wp-content\/uploads\/2019\/12\/5e490125c8713ac727eb196b32321afa.jpg","jetpack_sharing_enabled":true,"jetpack_likes_enabled":false,"_links":{"self":[{"href":"https:\/\/artcontest.biancoscuro.it\/site\/wp-json\/wp\/v2\/posts\/11187","targetHints":{"allow":["GET"]}}],"collection":[{"href":"https:\/\/artcontest.biancoscuro.it\/site\/wp-json\/wp\/v2\/posts"}],"about":[{"href":"https:\/\/artcontest.biancoscuro.it\/site\/wp-json\/wp\/v2\/types\/post"}],"author":[{"embeddable":true,"href":"https:\/\/artcontest.biancoscuro.it\/site\/wp-json\/wp\/v2\/users\/1"}],"replies":[{"embeddable":true,"href":"https:\/\/artcontest.biancoscuro.it\/site\/wp-json\/wp\/v2\/comments?post=11187"}],"version-history":[{"count":1,"href":"https:\/\/artcontest.biancoscuro.it\/site\/wp-json\/wp\/v2\/posts\/11187\/revisions"}],"predecessor-version":[{"id":11189,"href":"https:\/\/artcontest.biancoscuro.it\/site\/wp-json\/wp\/v2\/posts\/11187\/revisions\/11189"}],"wp:featuredmedia":[{"embeddable":true,"href":"https:\/\/artcontest.biancoscuro.it\/site\/wp-json\/wp\/v2\/media\/11188"}],"wp:attachment":[{"href":"https:\/\/artcontest.biancoscuro.it\/site\/wp-json\/wp\/v2\/media?parent=11187"}],"wp:term":[{"taxonomy":"category","embeddable":true,"href":"https:\/\/artcontest.biancoscuro.it\/site\/wp-json\/wp\/v2\/categories?post=11187"},{"taxonomy":"post_tag","embeddable":true,"href":"https:\/\/artcontest.biancoscuro.it\/site\/wp-json\/wp\/v2\/tags?post=11187"}],"curies":[{"name":"wp","href":"https:\/\/api.w.org\/{rel}","templated":true}]}}