{"id":11206,"date":"2020-01-04T20:19:11","date_gmt":"2020-01-04T18:19:11","guid":{"rendered":"https:\/\/artcontest.biancoscuro.it\/site\/?p=11206"},"modified":"2020-01-07T13:32:55","modified_gmt":"2020-01-07T11:32:55","slug":"mario-voria-2","status":"publish","type":"post","link":"https:\/\/artcontest.biancoscuro.it\/site\/mario-voria-2\/","title":{"rendered":"Mario Voria"},"content":{"rendered":"\n<figure class=\"wp-block-image\"><img loading=\"lazy\" decoding=\"async\" width=\"500\" height=\"22\" src=\"http:\/\/artcontest.biancoscuro.it\/site\/wp-content\/uploads\/2015\/03\/linette1.jpg\" alt=\".......\" class=\"wp-image-1001\" srcset=\"https:\/\/artcontest.biancoscuro.it\/site\/wp-content\/uploads\/2015\/03\/linette1.jpg 500w, https:\/\/artcontest.biancoscuro.it\/site\/wp-content\/uploads\/2015\/03\/linette1-300x13.jpg 300w\" sizes=\"auto, (max-width: 500px) 100vw, 500px\" \/><\/figure>\n\n\n\n<p> winter melody 2<br> 2019<br> fotografia digitale<br> 80&#215;53 cm.<\/p>\n\n\n\n<p><strong>Mario Voria<\/strong> <em>(Rutino &#8211; SA, Italy)<\/em>. Nato e cresciuto nella provincia sud di Salerno, una terra contesa dalle zone selvagge dell\u2019entroterra e dalla costa adagiata sul mar Tirreno.<br>Ha vissuto ad Agropoli fino agli otto anni, in un\u2019epoca caratterizzata dai grandi fermenti sociali e dalle grandi emigrazioni interne dal sud al nord dell\u2019Italia, dove arriva con la sua famiglia agli inizi degli anni \u201870.<br>Di questi anni porta ancora oggi dentro, le grandi speranze, le gioie, i dolori, le fatiche, la vita.<br>La passione per l\u2019arte nasce alle scuole medie, l\u2019insegnante di artistica per rimproverarlo dice che \u00e8 peggio di un Michelangelo Buonarroti (per lui sconosciuto all&#8217;epoca). Questo paragone lo incuriosisce cos\u00ec tanto che incomincia a chiedere allo stesso insegnante del materiale su Michelangelo, e ovviamente \u00e8 amore a prima vista.<br>Sono gli anni in cui si avvicina anche al mondo della pittura grazie a un vicino di casa, il pittore G. Muscio che gli fa apprendere la tecnica dell\u2019olio e dell\u2019acquerello, e inizia a rappresentare principalmente paesaggi naturalistici e apprende la composizione pittorica e la capacit\u00e0 di ritagliare la realt\u00e0 da riprendere, cio\u00e8 l\u2019inquadratura.<br>La sua formazione scolastica continua fino alla laurea in architettura  al Politecnico di Milano nella met\u00e0 degli anni ottanta, laurea che gli ha dato l\u2019occasione di approfondire lo studio su alcuni artisti che hanno segnato il suo percorso (lo stesso Michelangelo, Mantegna, Brugel, Bacon e Wharol tra i tanti), e lo ha introdotto al mondo della fotografia, prima usata solo come rappresentazione e testimonianza del reale e dopo come nuovo strumento di espressione artistica.<br>Difatti dagli anni novanta in poi la fotografia segna quasi un punto di confine, vuole essere sempre pi\u00f9 evocativa e sempre pi\u00f9 vicina a una rappresentazione pittorica.<br>Lo scatto deve raccontare una storia, a volte celata a volte evidente. Il suo percorso professionale lo porter\u00e0 poi all\u2019insegnamento, dapprima in un istituto professionale il \u201c G. Falcone\u201d di Gallarate e poi al liceo artistico \u201cP. Candiani\u201d di Busto Arsizio dove tutt\u2019ora insegna discipline e laboratorio audiovisivo e grafiche.<\/p>\n\n\n\n<p><strong>WEB<\/strong>: www.mariovoria.com<br><strong>Facebook<\/strong>: \/mario.voria<br><strong>Instagram<\/strong>: @mariovoria<\/p>\n\n\n\n<figure class=\"wp-block-image\"><a href=\"http:\/\/artcontest.biancoscuro.it\/site\/wp-content\/uploads\/2015\/03\/linette2.jpg\"><img loading=\"lazy\" decoding=\"async\" width=\"500\" height=\"21\" src=\"http:\/\/artcontest.biancoscuro.it\/site\/wp-content\/uploads\/2015\/03\/linette2.jpg\" alt=\".......\" class=\"wp-image-1000\" srcset=\"https:\/\/artcontest.biancoscuro.it\/site\/wp-content\/uploads\/2015\/03\/linette2.jpg 500w, https:\/\/artcontest.biancoscuro.it\/site\/wp-content\/uploads\/2015\/03\/linette2-300x13.jpg 300w\" sizes=\"auto, (max-width: 500px) 100vw, 500px\" \/><\/a><\/figure>\n\n\n\n<p><strong>Vote for this artwork!<\/strong>&nbsp;Follow Biancoscuro Art Contest on&nbsp;<a rel=\"noreferrer noopener\" href=\"https:\/\/www.facebook.com\/artcontest.biancoscuro\" target=\"_blank\"><strong>Facebook<\/strong><\/a>&nbsp;and&nbsp;<a rel=\"noreferrer noopener\" href=\"https:\/\/www.instagram.com\/biancoscuroartcontest\/\" target=\"_blank\"><strong>Instagram<\/strong><\/a> then click <strong>like!<\/strong><br><strong>Vota questa opera!&nbsp;<\/strong>Segui Biancoscuro Art Contest su <strong><a rel=\"noreferrer noopener\" href=\"https:\/\/www.facebook.com\/artcontest.biancoscuro\" target=\"_blank\">Facebook<\/a>&nbsp;e <\/strong><a rel=\"noreferrer noopener\" href=\"https:\/\/www.instagram.com\/biancoscuroartcontest\/\" target=\"_blank\"><strong>Instagram&nbsp;<\/strong><\/a>quindi clicca <strong>like!<\/strong><\/p>\n\n\n\n<figure class=\"wp-block-image size-medium\"><img loading=\"lazy\" decoding=\"async\" width=\"300\" height=\"200\" src=\"https:\/\/artcontest.biancoscuro.it\/site\/wp-content\/uploads\/2020\/01\/valle7-copia-300x200.jpg\" alt=\"opera iscritta al BIANCOSCURO Art Contest Winter Edition - un progetto a cura di BIANCOSCURO Art Magazine - 2019\" class=\"wp-image-11208\" srcset=\"https:\/\/artcontest.biancoscuro.it\/site\/wp-content\/uploads\/2020\/01\/valle7-copia-300x200.jpg 300w, https:\/\/artcontest.biancoscuro.it\/site\/wp-content\/uploads\/2020\/01\/valle7-copia-768x512.jpg 768w, https:\/\/artcontest.biancoscuro.it\/site\/wp-content\/uploads\/2020\/01\/valle7-copia-450x300.jpg 450w, https:\/\/artcontest.biancoscuro.it\/site\/wp-content\/uploads\/2020\/01\/valle7-copia-600x400.jpg 600w, https:\/\/artcontest.biancoscuro.it\/site\/wp-content\/uploads\/2020\/01\/valle7-copia.jpg 999w\" sizes=\"auto, (max-width: 300px) 100vw, 300px\" \/><\/figure>\n","protected":false},"excerpt":{"rendered":"<p>winter melody 2 2019 fotografia digitale 80&#215;53 cm. Mario Voria (Rutino &#8211; SA, Italy). Nato e cresciuto nella provincia sud di Salerno, una terra contesa dalle zone selvagge dell\u2019entroterra e<a href=\"https:\/\/artcontest.biancoscuro.it\/site\/mario-voria-2\/\">&#8230;Read More<\/a><\/p>\n","protected":false},"author":1,"featured_media":11208,"comment_status":"closed","ping_status":"closed","sticky":false,"template":"","format":"image","meta":{"advanced_seo_description":"","jetpack_seo_html_title":"","jetpack_seo_noindex":false,"_jetpack_memberships_contains_paid_content":false,"footnotes":""},"categories":[15,6],"tags":[],"class_list":["post-11206","post","type-post","status-publish","format-image","has-post-thumbnail","hentry","category-bac-winter-edition","category-fotografia-photography","post_format-post-format-image"],"jetpack_featured_media_url":"https:\/\/artcontest.biancoscuro.it\/site\/wp-content\/uploads\/2020\/01\/valle7-copia.jpg","jetpack_sharing_enabled":true,"jetpack_likes_enabled":false,"_links":{"self":[{"href":"https:\/\/artcontest.biancoscuro.it\/site\/wp-json\/wp\/v2\/posts\/11206","targetHints":{"allow":["GET"]}}],"collection":[{"href":"https:\/\/artcontest.biancoscuro.it\/site\/wp-json\/wp\/v2\/posts"}],"about":[{"href":"https:\/\/artcontest.biancoscuro.it\/site\/wp-json\/wp\/v2\/types\/post"}],"author":[{"embeddable":true,"href":"https:\/\/artcontest.biancoscuro.it\/site\/wp-json\/wp\/v2\/users\/1"}],"replies":[{"embeddable":true,"href":"https:\/\/artcontest.biancoscuro.it\/site\/wp-json\/wp\/v2\/comments?post=11206"}],"version-history":[{"count":3,"href":"https:\/\/artcontest.biancoscuro.it\/site\/wp-json\/wp\/v2\/posts\/11206\/revisions"}],"predecessor-version":[{"id":11234,"href":"https:\/\/artcontest.biancoscuro.it\/site\/wp-json\/wp\/v2\/posts\/11206\/revisions\/11234"}],"wp:featuredmedia":[{"embeddable":true,"href":"https:\/\/artcontest.biancoscuro.it\/site\/wp-json\/wp\/v2\/media\/11208"}],"wp:attachment":[{"href":"https:\/\/artcontest.biancoscuro.it\/site\/wp-json\/wp\/v2\/media?parent=11206"}],"wp:term":[{"taxonomy":"category","embeddable":true,"href":"https:\/\/artcontest.biancoscuro.it\/site\/wp-json\/wp\/v2\/categories?post=11206"},{"taxonomy":"post_tag","embeddable":true,"href":"https:\/\/artcontest.biancoscuro.it\/site\/wp-json\/wp\/v2\/tags?post=11206"}],"curies":[{"name":"wp","href":"https:\/\/api.w.org\/{rel}","templated":true}]}}