{"id":12067,"date":"2020-06-11T19:19:53","date_gmt":"2020-06-11T17:19:53","guid":{"rendered":"https:\/\/artcontest.biancoscuro.it\/site\/?p=12067"},"modified":"2020-06-11T19:19:54","modified_gmt":"2020-06-11T17:19:54","slug":"andrea-graber","status":"publish","type":"post","link":"https:\/\/artcontest.biancoscuro.it\/site\/andrea-graber\/","title":{"rendered":"Andr\u00e9a Graber"},"content":{"rendered":"\n<figure class=\"wp-block-image\"><img loading=\"lazy\" decoding=\"async\" width=\"500\" height=\"22\" src=\"http:\/\/artcontest.biancoscuro.it\/site\/wp-content\/uploads\/2015\/03\/linette1.jpg\" alt=\".......\" class=\"wp-image-1001\" srcset=\"https:\/\/artcontest.biancoscuro.it\/site\/wp-content\/uploads\/2015\/03\/linette1.jpg 500w, https:\/\/artcontest.biancoscuro.it\/site\/wp-content\/uploads\/2015\/03\/linette1-300x13.jpg 300w\" sizes=\"auto, (max-width: 500px) 100vw, 500px\" \/><\/figure>\n\n\n\n<p> Rose d&#8217;azur<br> 2020<br> olio su tela<br> 100&#215;81 cm<br> <em>copyright chez ADAGP<\/em><\/p>\n\n\n\n<p><strong>Andr\u00e9a Graber<\/strong> <em>(Paris, France &#8211; 1900)<\/em>. Artiste-peintre, vit et travaille \u00e0 Paris, elle a suivi les s\u00e9ances de pose \u00e0 La Grande Chaumi\u00e8re. En fulgurance, des formes , couleurs, images lui apparaissent dont elle s&#8217;inspire pour ses toiles. Elle a aussi r\u00e9alis\u00e9 des m\u00e9daillons en cristal de multiples couleurs repr\u00e9sentant une t\u00eate de licorne.<br>Andr\u00e9a expose chaque ann\u00e9e depuis 2004 et notamment au Grand Palais &#8211; Paris &#8211; en f\u00e9vrier 2020 dans le cadre de ART CAPITAL<\/p>\n\n\n\n<p><strong>WEB<\/strong>: www.andreagraber.fr<br><strong>Facebook<\/strong>: \/andrea.graber.54<br><strong>Instagram<\/strong>: @andreagraberpainter<\/p>\n\n\n\n<figure class=\"wp-block-image\"><a href=\"http:\/\/artcontest.biancoscuro.it\/site\/wp-content\/uploads\/2015\/03\/linette2.jpg\"><img loading=\"lazy\" decoding=\"async\" width=\"500\" height=\"21\" src=\"http:\/\/artcontest.biancoscuro.it\/site\/wp-content\/uploads\/2015\/03\/linette2.jpg\" alt=\".......\" class=\"wp-image-1000\" srcset=\"https:\/\/artcontest.biancoscuro.it\/site\/wp-content\/uploads\/2015\/03\/linette2.jpg 500w, https:\/\/artcontest.biancoscuro.it\/site\/wp-content\/uploads\/2015\/03\/linette2-300x13.jpg 300w\" sizes=\"auto, (max-width: 500px) 100vw, 500px\" \/><\/a><\/figure>\n\n\n\n<p><strong>Vote for this artwork!<\/strong>&nbsp;Follow Biancoscuro Art Contest on&nbsp;<a rel=\"noreferrer noopener\" href=\"https:\/\/www.facebook.com\/artcontest.biancoscuro\" target=\"_blank\"><strong>Facebook<\/strong><\/a>&nbsp;and&nbsp;<a rel=\"noreferrer noopener\" href=\"https:\/\/www.instagram.com\/biancoscuroartcontest\/\" target=\"_blank\"><strong>Instagram<\/strong><\/a> then click <strong>like!<\/strong><br><strong>Vota questa opera!&nbsp;<\/strong>Segui Biancoscuro Art Contest su <strong><a rel=\"noreferrer noopener\" href=\"https:\/\/www.facebook.com\/artcontest.biancoscuro\" target=\"_blank\">Facebook<\/a>&nbsp;e <\/strong><a rel=\"noreferrer noopener\" href=\"https:\/\/www.instagram.com\/biancoscuroartcontest\/\" target=\"_blank\"><strong>Instagram&nbsp;<\/strong><\/a>quindi clicca <strong>like!<\/strong><\/p>\n\n\n\n<figure class=\"wp-block-image size-medium\"><img loading=\"lazy\" decoding=\"async\" width=\"242\" height=\"300\" src=\"https:\/\/artcontest.biancoscuro.it\/site\/wp-content\/uploads\/2020\/06\/GRABER-ROSE-DAZUR-242x300.jpg\" alt=\"\" class=\"wp-image-12070\" srcset=\"https:\/\/artcontest.biancoscuro.it\/site\/wp-content\/uploads\/2020\/06\/GRABER-ROSE-DAZUR-242x300.jpg 242w, https:\/\/artcontest.biancoscuro.it\/site\/wp-content\/uploads\/2020\/06\/GRABER-ROSE-DAZUR-768x951.jpg 768w, https:\/\/artcontest.biancoscuro.it\/site\/wp-content\/uploads\/2020\/06\/GRABER-ROSE-DAZUR-450x557.jpg 450w, https:\/\/artcontest.biancoscuro.it\/site\/wp-content\/uploads\/2020\/06\/GRABER-ROSE-DAZUR-600x743.jpg 600w, https:\/\/artcontest.biancoscuro.it\/site\/wp-content\/uploads\/2020\/06\/GRABER-ROSE-DAZUR.jpg 807w\" sizes=\"auto, (max-width: 242px) 100vw, 242px\" \/><\/figure>\n","protected":false},"excerpt":{"rendered":"<p>Rose d&#8217;azur 2020 olio su tela 100&#215;81 cm copyright chez ADAGP Andr\u00e9a Graber (Paris, France &#8211; 1900). Artiste-peintre, vit et travaille \u00e0 Paris, elle a suivi les s\u00e9ances de pose<a href=\"https:\/\/artcontest.biancoscuro.it\/site\/andrea-graber\/\">&#8230;Read More<\/a><\/p>\n","protected":false},"author":1,"featured_media":12070,"comment_status":"closed","ping_status":"closed","sticky":false,"template":"","format":"image","meta":{"advanced_seo_description":"","jetpack_seo_html_title":"","jetpack_seo_noindex":false,"_jetpack_memberships_contains_paid_content":false,"footnotes":""},"categories":[4],"tags":[],"class_list":["post-12067","post","type-post","status-publish","format-image","has-post-thumbnail","hentry","category-pittura-painting","post_format-post-format-image"],"jetpack_featured_media_url":"https:\/\/artcontest.biancoscuro.it\/site\/wp-content\/uploads\/2020\/06\/GRABER-ROSE-DAZUR.jpg","jetpack_sharing_enabled":true,"jetpack_likes_enabled":false,"_links":{"self":[{"href":"https:\/\/artcontest.biancoscuro.it\/site\/wp-json\/wp\/v2\/posts\/12067","targetHints":{"allow":["GET"]}}],"collection":[{"href":"https:\/\/artcontest.biancoscuro.it\/site\/wp-json\/wp\/v2\/posts"}],"about":[{"href":"https:\/\/artcontest.biancoscuro.it\/site\/wp-json\/wp\/v2\/types\/post"}],"author":[{"embeddable":true,"href":"https:\/\/artcontest.biancoscuro.it\/site\/wp-json\/wp\/v2\/users\/1"}],"replies":[{"embeddable":true,"href":"https:\/\/artcontest.biancoscuro.it\/site\/wp-json\/wp\/v2\/comments?post=12067"}],"version-history":[{"count":1,"href":"https:\/\/artcontest.biancoscuro.it\/site\/wp-json\/wp\/v2\/posts\/12067\/revisions"}],"predecessor-version":[{"id":12073,"href":"https:\/\/artcontest.biancoscuro.it\/site\/wp-json\/wp\/v2\/posts\/12067\/revisions\/12073"}],"wp:featuredmedia":[{"embeddable":true,"href":"https:\/\/artcontest.biancoscuro.it\/site\/wp-json\/wp\/v2\/media\/12070"}],"wp:attachment":[{"href":"https:\/\/artcontest.biancoscuro.it\/site\/wp-json\/wp\/v2\/media?parent=12067"}],"wp:term":[{"taxonomy":"category","embeddable":true,"href":"https:\/\/artcontest.biancoscuro.it\/site\/wp-json\/wp\/v2\/categories?post=12067"},{"taxonomy":"post_tag","embeddable":true,"href":"https:\/\/artcontest.biancoscuro.it\/site\/wp-json\/wp\/v2\/tags?post=12067"}],"curies":[{"name":"wp","href":"https:\/\/api.w.org\/{rel}","templated":true}]}}