{"id":12135,"date":"2020-06-15T17:46:04","date_gmt":"2020-06-15T15:46:04","guid":{"rendered":"https:\/\/artcontest.biancoscuro.it\/site\/?p=12135"},"modified":"2020-06-15T17:46:05","modified_gmt":"2020-06-15T15:46:05","slug":"alberto-curtolo","status":"publish","type":"post","link":"https:\/\/artcontest.biancoscuro.it\/site\/alberto-curtolo\/","title":{"rendered":"Alberto Curtolo"},"content":{"rendered":"\n<figure class=\"wp-block-image\"><img loading=\"lazy\" decoding=\"async\" width=\"500\" height=\"22\" src=\"http:\/\/artcontest.biancoscuro.it\/site\/wp-content\/uploads\/2015\/03\/linette1.jpg\" alt=\".......\" class=\"wp-image-1001\" srcset=\"https:\/\/artcontest.biancoscuro.it\/site\/wp-content\/uploads\/2015\/03\/linette1.jpg 500w, https:\/\/artcontest.biancoscuro.it\/site\/wp-content\/uploads\/2015\/03\/linette1-300x13.jpg 300w\" sizes=\"auto, (max-width: 500px) 100vw, 500px\" \/><\/figure>\n\n\n\n<p> Riflessioni al Crepuscolo<br> 2014<br> tecnica mista con l&#8217;uso della vernice spray<br> 33&#215;48 cm.<\/p>\n\n\n\n<p><strong>Alberto Curtolo<\/strong> <em>(Treviso, Italy &#8211; 1993)<\/em>. Nato a Treviso il 10 maggio 1993. Nonostante la maturit\u00e0 scientifica e gli attuali studi in Economia Aziendale, ha sempre dimostrato grande sensibilit\u00e0 per il mondo dell&#8217;arte. Ha ricevuto il primo plauso alla Biennale Milano presentata da Vittorio Sgarbi. Successivamente, alla Biennale di Venezia &#8211; Spoleto Pavilion, \u201cMiami meets Milano &#8211; International Art Exhibition\u201d tenutasi in Ocean Drive, nel cuore di Miami, preceduta da una conferenza stampa presso la &#8220;Camera dei Deputati&#8221; con il Prof. Vittorio Sgarbi, il Prof. Alberto D&#8217;Atanasio direttore del Museo Modigliani, Jos\u00e8 Dal\u00ec, figlio di Salvador Dal\u00ec e Salvo Nugnes. L\u2019artista ha partecipato ad &#8220;Arte a Palazzo &#8211; in Mostra con i Grandi Maestri&#8221; a Bologna presso la Galleria Farini Concept; \u201cCarnevale d&#8217;Arte\u201d a Venezia presso la Scuola Grande di San Teodoro; \u201cFestival Dell&#8217;Arte\u201d a Sanremo e \u201cNew York International Art Expo\u201d in Times Square. Inoltre ha esposto alla \u201cPro Biennale\u201d a Venezia venendo insignito del Premio \u201cMondiali dell\u2019Arte\u201d. In seguito ha partecipato con l\u2019esposizione di alcune delle sue opere alle mostre \u201cFrom Bologna to Londonpresso ARTHILL Gallery London, alla sopracitata mostra \u201cMondiali dell\u2019Arte\u201d svoltasi a San Pietroburgo presso The Official Hermitage Hotel, e a Mosca. Inoltre, \u00e8 stato presente all\u2019esposizione \u201cSpoleto Arte\u201d avente luogo a Palazzo Leti Sansi a Spoleto, preceduta dalla conferenza stampa presso la sala stampa del Senato della Repubblica, Roma; in quest\u2019occasione ha vinto il Premio \u201cGiovani Talenti\u201d con il Comitato composto da Vittorio Sgarbi, Jos\u00e8 Dal\u00ec e Alberto D\u2019Atanasio. Oltre agli esperti di cui sopra, ha inoltre ricevuto apprezzamenti da Philippe Daverio, Paolo Levi, Veronica Ferretti, Roberto Dudine, Angela Vettese e Marco Rebuzzi, con la pubblicazione sul numero speciale \u201cEffetto Arte\u201d. Recentemente \u00e8 stato selezionato per il \u201cPremio Internazionale Arte Palermo Capitale della Cultura 2018\u201d. E\u2019 presente nel volume \u201c99 Protagonisti dell\u2019Arte\u201d edito da \u201cEffetto Arte\u201d; ed \u00e8 stato scelto per la \u201cBiennale Internazionale delle<br>Fiandre\u201d che si \u00e8 svolta a Bruges dove gli \u00e8 stato conferito il Premio Ren\u00e8 Magritte. Ha ricevuto il \u201cPremio Eccellenza Europea delle Arti\u201d, il quale prevede la partecipazione a tre prestigiosi eventi in tre metropoli europee: nel 2019 sar\u00e0 quindi protagonista nella citt\u00e0 di Roma presso Palazzo Velli, a Barcellona presso il MEAM \u201cMuseo Europeo delle Arti\u201d e a Parigi presso la \u201cGalleria Thulliers\u201d. Nella capitale francese ha esposto nel periodo natalizio del 2018 presso \u201cL\u2019Espace Thorigny \u2010 Le Marais\u201d. Ha partecipato alla \u201cBienal de Arte Barcelona\u201d e \u201cMantova Arte Expo 2019\u201d presso il Museo Diocesano \u201cFrancesco Gonzaga\u201d alla presenza di Vittorio Sgarbi e Philippe Daverio. Nel mese di maggio 2019 \u00e8 stato selezionato per la Mostra \u201cL\u2019evoluzione dell\u2019 Arte moderna tra il XX e il XXI secolo\u201d a Firenze presso l\u2019Auditorium al Duomo. Nel mese di luglio 2019 ha ricevuto il Premio \u201cCultura Identit\u00e0\u201d, evento svoltosi a La Spezia. Le sue opere sono presenti nei cataloghi delle Mostre sopra citate, edite da Mondadori. Diversi articoli gli sono stati dedicati da TrevisoToday e Il Gazzettino.<br>L\u2019artista ha partecipato ad \u201cArte Padova\u201d e sar\u00e0 presente nel volume \u201cL\u2019evoluzione dell\u2019Arte Moderna nel XXI secolo\u201d che verr\u00e0 archiviato presso la Biblioteca Thomas J. Watson del Metropolitan Museum di New York. Lo si trova nell&#8217; \u201cAtlante dell&#8217;Arte contemporanea\u201d, edito da De Agostini che attualmente tra i primi in classifica su Amazon tra i volumi del settore. Tale opera raccoglie i migliori ottocento artisti, principalmente italiani, dal dopoguerra ai nostri giorni. E\u2019 presente anche in \u201cArtisti, Annuario Internazionale d\u2019Arte Contemporanea\u201d edito da Arnoldo Mondadori e nel volume \u201c100 Artisti emergenti su cui investire 2019\u201d edito da La Feltrinelli. \u00c8 in corso di stampa edito da La Feltrinelli un volume monografico interamente dedicato all\u2019 artista.<br><em>&#8220;L\u2019artista trae spunti dalla\u201cstreet art\u201d e aggiunge elementi che emergono dalla sua formazione, quali, ad esempio, le ballerine di Edgar Degas e la consapevolezza con sprazzi di inquietudine propria di George Orwell (\u201cThe Big Brother (1984)\u201d). Proprio questa citazione ad Orwell vuole essere l\u2019elemento predominante del quadro e la chiave di lettura. Infatti l\u2019artista vuole far riflettere il fruitore sulla tematica della sicurezza e della privacy; la verit\u00e0 che \u00e8 emersa con il caso Snowden ha portato a galla tutte le pi\u00f9 cupe paure riguardo la tematica della privacy. Ormai attraverso i nostri cellulari siamo monitorati sia tramite i microfoni che tramite le videocamere. La domanda implicita che pone l\u2019artista \u00e8: \u201cDove finisce la privacy del singolo e inizia la sicurezza della collettivit\u00e0?\u201d<\/em><\/p>\n\n\n\n<p><\/p>\n\n\n\n<p><strong>Facebook<\/strong>: \/Alberto Curtolo<br><strong>Instagram<\/strong>: @AlbertoCurtoloArt<\/p>\n\n\n\n<figure class=\"wp-block-image\"><a href=\"http:\/\/artcontest.biancoscuro.it\/site\/wp-content\/uploads\/2015\/03\/linette2.jpg\"><img loading=\"lazy\" decoding=\"async\" width=\"500\" height=\"21\" src=\"http:\/\/artcontest.biancoscuro.it\/site\/wp-content\/uploads\/2015\/03\/linette2.jpg\" alt=\".......\" class=\"wp-image-1000\" srcset=\"https:\/\/artcontest.biancoscuro.it\/site\/wp-content\/uploads\/2015\/03\/linette2.jpg 500w, https:\/\/artcontest.biancoscuro.it\/site\/wp-content\/uploads\/2015\/03\/linette2-300x13.jpg 300w\" sizes=\"auto, (max-width: 500px) 100vw, 500px\" \/><\/a><\/figure>\n\n\n\n<p><strong>Vote for this artwork!<\/strong>&nbsp;Follow Biancoscuro Art Contest on&nbsp;<a rel=\"noreferrer noopener\" href=\"https:\/\/www.facebook.com\/artcontest.biancoscuro\" target=\"_blank\"><strong>Facebook<\/strong><\/a>&nbsp;and&nbsp;<a rel=\"noreferrer noopener\" href=\"https:\/\/www.instagram.com\/biancoscuroartcontest\/\" target=\"_blank\"><strong>Instagram<\/strong><\/a> then click <strong>like!<\/strong><br><strong>Vota questa opera!&nbsp;<\/strong>Segui Biancoscuro Art Contest su <strong><a rel=\"noreferrer noopener\" href=\"https:\/\/www.facebook.com\/artcontest.biancoscuro\" target=\"_blank\">Facebook<\/a>&nbsp;e <\/strong><a rel=\"noreferrer noopener\" href=\"https:\/\/www.instagram.com\/biancoscuroartcontest\/\" target=\"_blank\"><strong>Instagram&nbsp;<\/strong><\/a>quindi clicca <strong>like!<\/strong><\/p>\n\n\n\n<figure class=\"wp-block-image size-medium\"><img loading=\"lazy\" decoding=\"async\" width=\"300\" height=\"201\" src=\"https:\/\/artcontest.biancoscuro.it\/site\/wp-content\/uploads\/2020\/06\/Riflessioni-al-Crepuscolo-Thinking-at-Twilight.-300x201.jpg\" alt=\"\" class=\"wp-image-12136\" srcset=\"https:\/\/artcontest.biancoscuro.it\/site\/wp-content\/uploads\/2020\/06\/Riflessioni-al-Crepuscolo-Thinking-at-Twilight.-300x201.jpg 300w, https:\/\/artcontest.biancoscuro.it\/site\/wp-content\/uploads\/2020\/06\/Riflessioni-al-Crepuscolo-Thinking-at-Twilight.-768x514.jpg 768w, https:\/\/artcontest.biancoscuro.it\/site\/wp-content\/uploads\/2020\/06\/Riflessioni-al-Crepuscolo-Thinking-at-Twilight.-450x301.jpg 450w, https:\/\/artcontest.biancoscuro.it\/site\/wp-content\/uploads\/2020\/06\/Riflessioni-al-Crepuscolo-Thinking-at-Twilight.-600x402.jpg 600w, https:\/\/artcontest.biancoscuro.it\/site\/wp-content\/uploads\/2020\/06\/Riflessioni-al-Crepuscolo-Thinking-at-Twilight..jpg 999w\" sizes=\"auto, (max-width: 300px) 100vw, 300px\" \/><\/figure>\n","protected":false},"excerpt":{"rendered":"<p>Riflessioni al Crepuscolo 2014 tecnica mista con l&#8217;uso della vernice spray 33&#215;48 cm. Alberto Curtolo (Treviso, Italy &#8211; 1993). Nato a Treviso il 10 maggio 1993. Nonostante la maturit\u00e0 scientifica<a href=\"https:\/\/artcontest.biancoscuro.it\/site\/alberto-curtolo\/\">&#8230;Read More<\/a><\/p>\n","protected":false},"author":1,"featured_media":12136,"comment_status":"closed","ping_status":"closed","sticky":false,"template":"","format":"image","meta":{"advanced_seo_description":"","jetpack_seo_html_title":"","jetpack_seo_noindex":false,"_jetpack_memberships_contains_paid_content":false,"footnotes":""},"categories":[4],"tags":[],"class_list":["post-12135","post","type-post","status-publish","format-image","has-post-thumbnail","hentry","category-pittura-painting","post_format-post-format-image"],"jetpack_featured_media_url":"https:\/\/artcontest.biancoscuro.it\/site\/wp-content\/uploads\/2020\/06\/Riflessioni-al-Crepuscolo-Thinking-at-Twilight..jpg","jetpack_sharing_enabled":true,"jetpack_likes_enabled":false,"_links":{"self":[{"href":"https:\/\/artcontest.biancoscuro.it\/site\/wp-json\/wp\/v2\/posts\/12135","targetHints":{"allow":["GET"]}}],"collection":[{"href":"https:\/\/artcontest.biancoscuro.it\/site\/wp-json\/wp\/v2\/posts"}],"about":[{"href":"https:\/\/artcontest.biancoscuro.it\/site\/wp-json\/wp\/v2\/types\/post"}],"author":[{"embeddable":true,"href":"https:\/\/artcontest.biancoscuro.it\/site\/wp-json\/wp\/v2\/users\/1"}],"replies":[{"embeddable":true,"href":"https:\/\/artcontest.biancoscuro.it\/site\/wp-json\/wp\/v2\/comments?post=12135"}],"version-history":[{"count":1,"href":"https:\/\/artcontest.biancoscuro.it\/site\/wp-json\/wp\/v2\/posts\/12135\/revisions"}],"predecessor-version":[{"id":12137,"href":"https:\/\/artcontest.biancoscuro.it\/site\/wp-json\/wp\/v2\/posts\/12135\/revisions\/12137"}],"wp:featuredmedia":[{"embeddable":true,"href":"https:\/\/artcontest.biancoscuro.it\/site\/wp-json\/wp\/v2\/media\/12136"}],"wp:attachment":[{"href":"https:\/\/artcontest.biancoscuro.it\/site\/wp-json\/wp\/v2\/media?parent=12135"}],"wp:term":[{"taxonomy":"category","embeddable":true,"href":"https:\/\/artcontest.biancoscuro.it\/site\/wp-json\/wp\/v2\/categories?post=12135"},{"taxonomy":"post_tag","embeddable":true,"href":"https:\/\/artcontest.biancoscuro.it\/site\/wp-json\/wp\/v2\/tags?post=12135"}],"curies":[{"name":"wp","href":"https:\/\/api.w.org\/{rel}","templated":true}]}}