{"id":14516,"date":"2021-05-11T15:21:33","date_gmt":"2021-05-11T13:21:33","guid":{"rendered":"https:\/\/artcontest.biancoscuro.it\/site\/?p=14516"},"modified":"2026-04-30T17:52:48","modified_gmt":"2026-04-30T15:52:48","slug":"biancoscuro-art-contest-8a-edizione","status":"publish","type":"post","link":"https:\/\/artcontest.biancoscuro.it\/site\/biancoscuro-art-contest-8a-edizione\/","title":{"rendered":"BIANCOSCURO Art Contest 8\u00aa edizione"},"content":{"rendered":"\n<h4 class=\"wp-block-heading\">In palio&nbsp;la <strong>COPERTINA<\/strong> sul bimestrale, esposizioni&nbsp;a <strong>Monte-Carlo<\/strong>&nbsp;nel Principato di Monaco, <strong>Montreux<\/strong> (Svizzera),&nbsp;<strong>Marbella<\/strong> (Spagna),&nbsp;<strong>Varese<\/strong>&nbsp;e Parma (Italia), premiazione&nbsp;a settembre a Milano (Italia)!<\/h4>\n\n\n\n<h3 class=\"wp-block-heading\"><strong>Novit\u00e0 2021 &#8211; Premio Speciale BAC: 3.000,00 \u20ac<\/strong><\/h3>\n\n\n\n<p><strong><a rel=\"noreferrer noopener\" href=\"https:\/\/artcontest.biancoscuro.it\/\" target=\"_blank\">BIANCOSCURO Art Contest<\/a><\/strong>, il&nbsp;contest ideato da <strong>BIANCOSCURO<\/strong>&nbsp;per&nbsp;pittori,  scultori, fotografi e grafici, \u00e8&nbsp;giunto con successo alla ottava edizione. Il concorso d\u00e0&nbsp;la&nbsp;possibilit\u00e0 di essere \u201c<strong>in prima pagina<\/strong>\u201d o esporre le proprie opere nella principesca <strong>Monte-Carlo<\/strong>, nella splendida cornice&nbsp;di <strong>Montreux, in Svizzera <\/strong>o nell\u2019incantevole citt\u00e0 di<strong> Marbella in Spagna<\/strong>. <\/p>\n\n\n\n<p>Da quest&#8217;anno \u00e8 previsto il <strong>Premio Speciale BAC del valore di 3.000,00 \u20ac<\/strong>  dove l&#8217;opera vincitrice entrer\u00e0 a far parte della collezione <strong>BIANCOSCURO<\/strong>, di conseguenza verr\u00e0 pubblicata su cataloghi di importanza internazionale insieme ad artisti storicizzanti ed esposta in musei, istituzione ed importanti eventi artistici. (Tutte le altre opere partecipanti, comprese le opere vincitrici delle altre sezioni, resteranno di propriet\u00e0 degli artisti).<\/p>\n\n\n\n<p>Tra&nbsp;i premi anche l\u2019esposizione presso <strong>Art Parma <\/strong>a fine settembre, evento che, in concomitanza con il &#8220;Mercante in Fiera&#8221;, attira migliaia di visitatori da tutta europa.<br>La&nbsp;giuria BIANCOSCURO&nbsp;<strong>premier\u00e0 gli artisti<\/strong>&nbsp;che hanno saputo distinguersi. I premi in palio sono 33 e grazie agli sponsor il montepremi \u00e8 di oltre 53.000 \u20ac <\/p>\n\n\n\n<p>Confermato anche per il 2021 l&#8217;<strong>Artists Management<\/strong> <strong>internazionale<\/strong>  che consiste nella stipula di un contratto della validit\u00e0 di un anno,  eventualmente rinnovabile,&nbsp;per l\u2019attivit\u00e0 di promozione e vendita delle  opere realizzate dal vincitore: una grande opportunit\u00e0 per entrare a far  parte del mercato nazionale ed internazionale .<\/p>\n\n\n\n<figure class=\"wp-block-image alignnone\"><a href=\"http:\/\/artcontest.biancoscuro.it\/site\/iscrizione-online-registration\/\" rel=\"noopener\"><img decoding=\"async\" src=\"https:\/\/www.biancoscuro.it\/site\/wp-content\/uploads\/2014\/02\/LogoBAC2016-1000px.jpg\" alt=\"biancoscuro art contest\"\/><\/a><figcaption>BIANCOSCURO ART CONTEST<\/figcaption><\/figure>\n\n\n\n<h3 class=\"wp-block-heading\"> <a aria-label=\" (apre in una nuova scheda)\" rel=\"noreferrer noopener\" href=\"https:\/\/artcontest.biancoscuro.it\/site\/iscrizione-online-registration\/\" target=\"_blank\">Iscriviti subito &nbsp;al&nbsp;BIANCOSCURO Art Contest 8\u00aa edizione!<\/a><\/h3>\n\n\n\n<p>La giuria <strong>BIANCOSCURO<\/strong> \u00e8 composta da:<\/p>\n\n\n\n<ul class=\"wp-block-list\"><li><strong>Vincenzo Chetta<\/strong>&nbsp;&#8211; Direttore della Rivista d\u2019Arte&nbsp;<strong>Biancoscuro<\/strong>;<\/li><li><strong>Jean Fran\u00e7ois Gailloud<\/strong>&nbsp;&#8211; Presidente del <a rel=\"noreferrer noopener\" href=\"http:\/\/www.mag-swiss.com\" target=\"_blank\"><strong>MAG \u2013 Montreux ArtGallery<\/strong><\/a>;<\/li><li><strong>Daniela Malabaila<\/strong>&nbsp;&#8211;&nbsp;Caporedattrice Biancoscuro Rivista d\u2019Arte;<\/li><li><strong>Gianni Cella<\/strong> &#8211; Artista di fama internazionale e docente&nbsp;presso l&#8217;Accademia di Belle Arti di Brera (Milano)<\/li><li><strong>Francesco De Molfetta<\/strong> &#8211; Noto scultore e docente presso la storica Societ\u00e0 Umanitaria &#8211; Milano;<\/li><li><strong>Marie H\u00e9l\u00e8ne Heusghem<\/strong>&nbsp;\u00e8 Direttore del&nbsp; <a rel=\"noreferrer noopener\" href=\"http:\/\/www.mag-swiss.com\" target=\"_blank\">MAG \u2013 <strong>Montreux Art Gallery<\/strong><\/a>;<\/li><li><strong>Franco&nbsp;Crugnola<\/strong>&nbsp;titolare e curatore della <strong>Showcases Gallery<\/strong> di Varese;<\/li><li><strong>Elena Cicchetti<\/strong>&nbsp;Presidente dell\u2019Associazione&nbsp;<strong>Art in The World<\/strong>;<\/li><li><strong>Salvatore Mainardi<\/strong>&nbsp;Corrispondente estero per <strong>BIANCOSCURO<\/strong>&nbsp;in Svizzera e Gallerista presso&nbsp;<strong>MainArt \u2013 Zurich<\/strong>;<\/li><li><strong>Isabella Rigamonti&nbsp;<\/strong>Architetto,&nbsp;redazione&nbsp;<strong>BIANCOSCURO<\/strong>&nbsp;Rivista d\u2019Arte;<\/li><li><strong>Mario Gambatesa&nbsp;<\/strong>Critico d\u2019Arte, redazione <strong>BIANCOSCURO<\/strong>&nbsp;Rivista d\u2019Arte;<\/li><li><strong>Lucia&nbsp;Garnero<\/strong>&nbsp;Architetto,&nbsp;redazione&nbsp;<strong>BIANCOSCURO<\/strong>&nbsp;Rivista d\u2019Arte.<\/li><\/ul>\n\n\n\n<figure><iframe loading=\"lazy\" src=\"https:\/\/indd.adobe.com\/embed\/a1439cee-9ca9-430f-a288-680269bc7105?startpage=1&amp;allowFullscreen=true\" allowfullscreen=\"allowfullscreen\" width=\"1000px\" height=\"708px\"><\/iframe><\/figure>\n\n\n\n<h4 class=\"wp-block-heading\"><strong>BIANCOSCURO Art Contest, <a href=\"https:\/\/artcontest.biancoscuro.it\/site\/iscrizione-online-registration\/\" target=\"_blank\" rel=\"noreferrer noopener\" aria-label=\"il tema \u00e8 libero, partecipare \u00e8 semplice! (apre in una nuova scheda)\">il tema \u00e8 libero, partecipare \u00e8 semplice!<\/a><\/strong><\/h4>\n\n\n\n<p>In palio: <strong>4 copertine<\/strong> sulla Rivista d\u2019Arte BIANCOSCURO, <strong>4&nbsp;mostre personali<\/strong>, <strong><strong>4 Artists Management<\/strong>, 1 premio speciale BAC<\/strong>, <strong>4 eBook personali<\/strong> condivisibili sui social&nbsp;(con possibilit\u00e0 di stampa).<br><strong>Cerimonia&nbsp;di premiazione il 18 settembre 2021 a Milano<\/strong>.<br>\u00c8 previsto inoltre l&#8217;<strong>Attestato di partecipazione<\/strong> e la&nbsp;<strong>pubblicazione di tutte le opere<\/strong> in concorso,&nbsp;sul <strong>sito dedicato&nbsp;<a rel=\"noreferrer noopener\" href=\"https:\/\/artcontest.biancoscuro.it\/site\/\" target=\"_blank\">artcontest.biancoscuro.it<\/a><\/strong><\/p>\n\n\n\n<p>\u00c8 prevista la realizzazione del catalogo di tutte le opere iscritte, e la pubblicazione delle opere vincitrici sulla&nbsp;Rivista d\u2019Arte BIANCOSCURO. <\/p>\n\n\n\n<p>\u00c8 previsto anche un <strong>premio giuria popolare<\/strong>, i primi artisti che per ogni categoria riceveranno maggiori consensi sui social, vinceranno la <strong>realizzazione creativa di un eBook digitale<\/strong> composto da 32 pagine, in formato A4 (210\u00d7297 cm) oppure A5 (148\u00d7210 cm). <strong>Questo ebook sar\u00e0 fornito in formato digitale e<\/strong>&nbsp;sar\u00e0 condiviso sul nostro&nbsp;sul sito ufficiale&nbsp;<a rel=\"noreferrer noopener\" href=\"http:\/\/www.biancoscuro.it\/\" target=\"_blank\">www.biancoscuro.it<\/a>.&nbsp;<a rel=\"noreferrer noopener\" href=\"http:\/\/biancoscuro.liberementi.it\/site\/tariffe\/\" target=\"_blank\">Maggiori info sull\u2019eBook a questa pagina<\/a>. Ricordiamo che, a seconda della necessit\u00e0, l\u2019ebook potr\u00e0 essere stampato oppure semplicemente condiviso sui social network. <\/p>\n\n\n\n<h4 class=\"wp-block-heading\"><strong>Cosa aspetti? <\/strong>il prossimo artista sulla copertina di BIANCOSCURO Rivista d\u2019Arte<strong> potresti essere proprio tu!&nbsp;<\/strong><a rel=\"noreferrer noopener\" href=\"http:\/\/artcontest.biancoscuro.it\/site\/iscrizione-online-registration\/\" target=\"_blank\">Iscriviti subito, <strong>clicca qui!<\/strong><\/a><\/h4>\n\n\n\n<figure class=\"wp-block-image size-large\"><a href=\"https:\/\/artcontest.biancoscuro.it\/site\/wp-content\/uploads\/2020\/10\/IMG-20200918-WA0032-COLORI_MOD999.jpg\"><img loading=\"lazy\" decoding=\"async\" width=\"999\" height=\"666\" src=\"https:\/\/artcontest.biancoscuro.it\/site\/wp-content\/uploads\/2020\/10\/IMG-20200918-WA0032-COLORI_MOD999.jpg\" alt=\"\" class=\"wp-image-13020\" srcset=\"https:\/\/artcontest.biancoscuro.it\/site\/wp-content\/uploads\/2020\/10\/IMG-20200918-WA0032-COLORI_MOD999.jpg 999w, https:\/\/artcontest.biancoscuro.it\/site\/wp-content\/uploads\/2020\/10\/IMG-20200918-WA0032-COLORI_MOD999-300x200.jpg 300w, https:\/\/artcontest.biancoscuro.it\/site\/wp-content\/uploads\/2020\/10\/IMG-20200918-WA0032-COLORI_MOD999-768x512.jpg 768w, https:\/\/artcontest.biancoscuro.it\/site\/wp-content\/uploads\/2020\/10\/IMG-20200918-WA0032-COLORI_MOD999-450x300.jpg 450w, https:\/\/artcontest.biancoscuro.it\/site\/wp-content\/uploads\/2020\/10\/IMG-20200918-WA0032-COLORI_MOD999-600x400.jpg 600w\" sizes=\"auto, (max-width: 999px) 100vw, 999px\" \/><\/a><\/figure>\n\n\n\n<p><strong>Del BIANCOSCURO Art Contest<\/strong>, di tutti i suoi partecipanti e dei suoi vincitori verranno pubblicati articoli redazionali <strong>sulla Rivista d\u2019Arte BIANCOSCURO<\/strong>, sul sito internet dedicato&nbsp;<a rel=\"noreferrer noopener\" href=\"http:\/\/artcontest.biancoscuro.it\/\" target=\"_blank\">artcontest.biancoscuro.it<\/a>&nbsp;sul sito ufficiale&nbsp;<a rel=\"noreferrer noopener\" href=\"http:\/\/www.biancoscuro.it\/\" target=\"_blank\">www.biancoscuro.it<\/a>, sulla nostra fan page Facebook&nbsp;<a rel=\"noreferrer noopener\" href=\"http:\/\/www.facebook.com\/artcontest.biancoscuro\" target=\"_blank\">www.facebook.com\/artcontest.biancoscuro<\/a>, sulla nostra fan page  Instagram <a rel=\"noreferrer noopener\" href=\"https:\/\/www.instagram.com\/biancoscuroartcontest\/\" target=\"_blank\">www.instagram.com\/biancoscuroartcontest&nbsp; <\/a>e sul nostro gruppo&nbsp;<a rel=\"noreferrer noopener\" href=\"http:\/\/www.facebook.com\/groups\/biancoscuro\" target=\"_blank\">www.facebook.com\/groups\/biancoscuro<\/a> <\/p>\n\n\n","protected":false},"excerpt":{"rendered":"<p>In palio&nbsp;la COPERTINA sul bimestrale, esposizioni&nbsp;a Monte-Carlo&nbsp;nel Principato di Monaco, Montreux (Svizzera),&nbsp;Marbella (Spagna),&nbsp;Varese&nbsp;e Parma (Italia), premiazione&nbsp;a settembre a Milano (Italia)! Novit\u00e0 2021 &#8211; Premio Speciale BAC: 3.000,00 \u20ac BIANCOSCURO Art<a href=\"https:\/\/artcontest.biancoscuro.it\/site\/biancoscuro-art-contest-8a-edizione\/\">&#8230;Read More<\/a><\/p>\n","protected":false},"author":1,"featured_media":13032,"comment_status":"closed","ping_status":"closed","sticky":false,"template":"","format":"standard","meta":{"advanced_seo_description":"","jetpack_seo_html_title":"","jetpack_seo_noindex":false,"_jetpack_memberships_contains_paid_content":false,"footnotes":""},"categories":[505,10],"tags":[20,399,503,21,22],"class_list":["post-14516","post","type-post","status-publish","format-standard","has-post-thumbnail","hentry","category-bac-montecarlo-edition","category-biancoscuro","tag-bac","tag-bac-montecarlo-edition","tag-bac-montecarlo-edition-articles","tag-biancoscuro","tag-biancoscuro-art-contest"],"jetpack_featured_media_url":"https:\/\/artcontest.biancoscuro.it\/site\/wp-content\/uploads\/2020\/10\/GVPnotturna.jpg","jetpack_sharing_enabled":true,"jetpack_likes_enabled":false,"_links":{"self":[{"href":"https:\/\/artcontest.biancoscuro.it\/site\/wp-json\/wp\/v2\/posts\/14516","targetHints":{"allow":["GET"]}}],"collection":[{"href":"https:\/\/artcontest.biancoscuro.it\/site\/wp-json\/wp\/v2\/posts"}],"about":[{"href":"https:\/\/artcontest.biancoscuro.it\/site\/wp-json\/wp\/v2\/types\/post"}],"author":[{"embeddable":true,"href":"https:\/\/artcontest.biancoscuro.it\/site\/wp-json\/wp\/v2\/users\/1"}],"replies":[{"embeddable":true,"href":"https:\/\/artcontest.biancoscuro.it\/site\/wp-json\/wp\/v2\/comments?post=14516"}],"version-history":[{"count":2,"href":"https:\/\/artcontest.biancoscuro.it\/site\/wp-json\/wp\/v2\/posts\/14516\/revisions"}],"predecessor-version":[{"id":14529,"href":"https:\/\/artcontest.biancoscuro.it\/site\/wp-json\/wp\/v2\/posts\/14516\/revisions\/14529"}],"wp:featuredmedia":[{"embeddable":true,"href":"https:\/\/artcontest.biancoscuro.it\/site\/wp-json\/wp\/v2\/media\/13032"}],"wp:attachment":[{"href":"https:\/\/artcontest.biancoscuro.it\/site\/wp-json\/wp\/v2\/media?parent=14516"}],"wp:term":[{"taxonomy":"category","embeddable":true,"href":"https:\/\/artcontest.biancoscuro.it\/site\/wp-json\/wp\/v2\/categories?post=14516"},{"taxonomy":"post_tag","embeddable":true,"href":"https:\/\/artcontest.biancoscuro.it\/site\/wp-json\/wp\/v2\/tags?post=14516"}],"curies":[{"name":"wp","href":"https:\/\/api.w.org\/{rel}","templated":true}]}}