{"id":15544,"date":"2022-01-02T14:06:59","date_gmt":"2022-01-02T13:06:59","guid":{"rendered":"https:\/\/artcontest.biancoscuro.it\/site\/?p=15544"},"modified":"2022-01-02T14:07:00","modified_gmt":"2022-01-02T13:07:00","slug":"maria-lucia-albertini","status":"publish","type":"post","link":"https:\/\/artcontest.biancoscuro.it\/site\/maria-lucia-albertini\/","title":{"rendered":"Maria Lucia Albertini"},"content":{"rendered":"\n<figure class=\"wp-block-image\"><img loading=\"lazy\" decoding=\"async\" width=\"500\" height=\"22\" src=\"http:\/\/artcontest.biancoscuro.it\/site\/wp-content\/uploads\/2015\/03\/linette1.jpg\" alt=\".......\" class=\"wp-image-1001\" srcset=\"https:\/\/artcontest.biancoscuro.it\/site\/wp-content\/uploads\/2015\/03\/linette1.jpg 500w, https:\/\/artcontest.biancoscuro.it\/site\/wp-content\/uploads\/2015\/03\/linette1-300x13.jpg 300w\" sizes=\"auto, (max-width: 500px) 100vw, 500px\" \/><\/figure>\n\n\n\n<p>Giuditta e Oloferne<br>2021<br>alluminio laccato<br>65x80x85 cm.<\/p>\n\n\n\n<hr class=\"wp-block-separator\"\/>\n\n\n\n<p><em><strong>Giuditta e Oloferne<br><\/strong>L\u2019arte contemporanea si (ri)appropria della mitologia storica e del pensiero umano e della sua intimit\u00e0, tra leggenda, audacia del sogno e del mito del Dio Onnipotente dell\u2019Universo, Creatore del cielo e della Terra, delle stelle e dello spazio, delle galassie e della luna-sole forza di luce e calore di vita che riscalda il pianeta rigenerandolo di continuo a nuova vita, a nuova linfa vitale della sopravvivenza e della gloria e\u00a0 delle battaglie e delle tenebre. L\u2019artista di ieri e di oggi osa e osa scrutare negli abissi della mente e della psiche per approdare a nuovi luoghi, a nuove mete della conoscenza e dell\u2019appagamento e dell\u2019esplorazione sfidando l\u2019incognito del confine dei confini, per apprendere e conoscere il mondo della mente e della sua realt\u00e0.<br>Albertini, artista contemporaneo d\u2019oggi, isolatosi nel lungo, silenzioso distaccamento sociale imposto dalle Autorit\u00e0 nel tempo del lockdown, nell\u2019intimit\u00e0 del suo atelier-studio, Cascina Fonte Strola, un &#8220;maniero del Seicento&#8221; posto tra il lago d\u2019Orta e Maggiore\u00a0 scelto da molti artisti di fama internazionale, medita, studia, si interroga, affinch\u00e9 il tempo non passi invano, \u201craccontando\u201d attraverso i suoi innamoramenti di essere artista dei personaggi che l\u2019attraggono nella mitologia: Arianna, opera scultorea robotica impetuosa, di recente concepimento \u00e8, l\u2019ultima nata, \u201cGiuditta e Oloferne\u201d che, dal Verrocchio a Caravaggio con Artemisia Gentileschi e l\u2019arte toscana, da Canova a Klimt, la letteratura pittorica ne \u00e8 ricca di immagini significative, l\u2019omaggio brutale e violento voluto da Albertini nell\u2019effige del contemporaneo si ribella alla prepotenza del pi\u00f9 forte, dell\u2019uomo tiranno, all\u2019ingiustizia della societ\u00e0 di ieri e di oggi (come, purtroppo, assistiamo alle continue notizie diffuse attraverso i mezzi di comunicazione e di stampa alla soppressione violenta di donne fragili, perpetrate da mani sacrileghe che ne decretano la morte del fisico, dello spirito, del pensiero e dell\u2019annientamento), si fa audace, coraggiosa, come una amazzone-soldatessa della verit\u00e0 brandisce la spada, arma di annientamento, il male viene estirpato con la morte del soggetto cattivo, prepotente, usurpatore.\u00a0 Giustizia \u00e8 fatta. La testa cade.<br>La libert\u00e0 dell\u2019amore vince sulle barbarie delle azioni dell\u2019uomo, guerriero o tiranno, re o soldato, generale\u00a0 o mercenario, potente o meschino.<br>L\u2019opera \u00e8 l\u00ec nella sua \u201cplasmazione\u201d voluta da Albertini, luminosa, affascinante, erotica, austera, luccicante nella espressivit\u00e0 di soggetto antico e biblico ma contemporaneo, attuale, un samurai che vive nella cosmopolita societ\u00e0 planetaria d\u2019oggi tra frastuoni e frenesie rincorrendosi da un luogo all\u2019altro, il presente che \u00e8 gi\u00e0 il domani, pensando al passato che \u00e8 la quotidianit\u00e0 d\u2019oggi.<br>Ed \u00e8 una bella storia, mitologica e d\u2019arte, surreale e fantastica, intima e concettuale, poderosa e stupefacente, carica di grande umanit\u00e0.<br>Ed \u00e8 una verit\u00e0 che non viene mai meno. Albertini \u201cracconta\u201d sapientemente con fascino intellettuale, estetico, psicologico, intimo e \u201cfreudiano\u201d che dopo il baratro la luce \u00e8 l\u00ec che ci aspetta.<br>\u00a0Ed \u00e8 la luce della salvezza e della speranza.<br>Liviano Papa<\/em><\/p>\n\n\n\n<hr class=\"wp-block-separator\"\/>\n\n\n\n<p><strong>Maria Lucia Albertini<\/strong> <em>(Novara, Italy)<\/em> Maria Lucia Albertini, in arte solo Albertini, fin da piccola ha mostrato una naturale predisposizione per la scultura. Ha iniziato la sua formazione presso il Liceo Artistico di Novara, poi la laurea in Architettura e il corso del libero Nudo presso il Brera di Milano. Oltre a operare nel settore dell\u2019architettura con successo, porta avanti ed evolve la sua originale ricerca artistica legata alla figura umana, alla luce, al segno e all\u2019impronta della materia nel tempo, rappresenta la bellezza nell\u2019et\u00e0 della giovinezza per fissarne l\u2019immortalit\u00e0.<br>Grazie al suo talento poliedrico, Albertini sperimenta e realizza, oltre ai dipinti ad olio e acrilico tra cui spiccano i particolari dipinti su lastre in ottone, sculture in: terracotta, alluminio, bronzo, resina, gesso, cera e legno. Nascono cos\u00ec la serie dei \u201cbronzi antichi\u201d dove l\u2019utilizzo del bronzo richiama il concetto di eternit\u00e0 e i conosciuti bronzi colorati, della serie \u201cbronzo organico\u201d esposti in diversi eventi e in occasione della 57\u00b0 Biennale di Venezia. Abbiamo gli affascinanti pezzi unici realizzati in legno e cera della serie \u201cbio-antropomorfa\u201d, legati al concetto ecologico dell\u2019urgente e inderogabile rispetto della natura. La serie \u201csacro e profano\u201d, dove spiccano le mani d\u2019oro innalzate, dell\u2019opera \u201cc.nineteen\u201d (2019), e le grandi sculture a dimensione naturale, Arianna,(2020), e Giuditta e Oloferne, (2021) della serie \u201cnella mitologia\u201d presentate nella V edizione di Step Art Fair di Milano nel 2021. (www.albertiniart.com) segue la critica di Liviano Papa, che ha scritto della scultura di ALBERTINI su\u00a0 Julliet numero 205 del 2021.<\/p>\n\n\n\n<p><strong>Facebook<\/strong>: \/mlalbertiniart<br><strong>Facebook<\/strong>: \/albertiniart<br><strong>Instagram<\/strong>: @albertiniart<br><strong>Instagram<\/strong>: @albertiniofficial<br><strong>Web:<\/strong> www.albertiniart.com<\/p>\n\n\n\n<figure class=\"wp-block-image\"><a href=\"http:\/\/artcontest.biancoscuro.it\/site\/wp-content\/uploads\/2015\/03\/linette2.jpg\"><img loading=\"lazy\" decoding=\"async\" width=\"500\" height=\"21\" src=\"http:\/\/artcontest.biancoscuro.it\/site\/wp-content\/uploads\/2015\/03\/linette2.jpg\" alt=\".......\" class=\"wp-image-1000\" srcset=\"https:\/\/artcontest.biancoscuro.it\/site\/wp-content\/uploads\/2015\/03\/linette2.jpg 500w, https:\/\/artcontest.biancoscuro.it\/site\/wp-content\/uploads\/2015\/03\/linette2-300x13.jpg 300w\" sizes=\"auto, (max-width: 500px) 100vw, 500px\" \/><\/a><\/figure>\n\n\n\n<p><strong>Vote for this artwork!<\/strong>&nbsp;Follow Biancoscuro Art Contest on&nbsp;<a rel=\"noreferrer noopener\" href=\"https:\/\/www.facebook.com\/artcontest.biancoscuro\" target=\"_blank\"><strong>Facebook<\/strong><\/a>&nbsp;and&nbsp;<a rel=\"noreferrer noopener\" href=\"https:\/\/www.instagram.com\/biancoscuroartcontest\/\" target=\"_blank\"><strong>Instagram<\/strong><\/a> then click <strong>like!<\/strong><br><strong>Vota questa opera!&nbsp;<\/strong>Segui Biancoscuro Art Contest su <strong><a rel=\"noreferrer noopener\" href=\"https:\/\/www.facebook.com\/artcontest.biancoscuro\" target=\"_blank\">Facebook<\/a>&nbsp;e <\/strong><a rel=\"noreferrer noopener\" href=\"https:\/\/www.instagram.com\/biancoscuroartcontest\/\" target=\"_blank\"><strong>Instagram&nbsp;<\/strong><\/a>quindi clicca <strong>like<\/strong><\/p>\n\n\n\n<figure class=\"wp-block-image size-medium\"><a href=\"https:\/\/artcontest.biancoscuro.it\/site\/wp-content\/uploads\/2022\/01\/Albertini-giuditta-eoloferne.jpg\"><img loading=\"lazy\" decoding=\"async\" width=\"300\" height=\"300\" src=\"https:\/\/artcontest.biancoscuro.it\/site\/wp-content\/uploads\/2022\/01\/Albertini-giuditta-eoloferne-300x300.jpg\" alt=\"opera iscritta al BIANCOSCURO Art Contest Winter Edition - un progetto a cura di BIANCOSCURO Art Magazine - 2021\" class=\"wp-image-15545\" srcset=\"https:\/\/artcontest.biancoscuro.it\/site\/wp-content\/uploads\/2022\/01\/Albertini-giuditta-eoloferne-300x300.jpg 300w, https:\/\/artcontest.biancoscuro.it\/site\/wp-content\/uploads\/2022\/01\/Albertini-giuditta-eoloferne-150x150.jpg 150w, https:\/\/artcontest.biancoscuro.it\/site\/wp-content\/uploads\/2022\/01\/Albertini-giuditta-eoloferne-768x768.jpg 768w, https:\/\/artcontest.biancoscuro.it\/site\/wp-content\/uploads\/2022\/01\/Albertini-giuditta-eoloferne-450x450.jpg 450w, https:\/\/artcontest.biancoscuro.it\/site\/wp-content\/uploads\/2022\/01\/Albertini-giuditta-eoloferne-600x600.jpg 600w, https:\/\/artcontest.biancoscuro.it\/site\/wp-content\/uploads\/2022\/01\/Albertini-giuditta-eoloferne.jpg 999w\" sizes=\"auto, (max-width: 300px) 100vw, 300px\" \/><\/a><\/figure>\n","protected":false},"excerpt":{"rendered":"<p>Giuditta e Oloferne2021alluminio laccato65x80x85 cm. Giuditta e OloferneL\u2019arte contemporanea si (ri)appropria della mitologia storica e del pensiero umano e della sua intimit\u00e0, tra leggenda, audacia del sogno e del mito<a href=\"https:\/\/artcontest.biancoscuro.it\/site\/maria-lucia-albertini\/\">&#8230;Read More<\/a><\/p>\n","protected":false},"author":1,"featured_media":15545,"comment_status":"closed","ping_status":"closed","sticky":false,"template":"","format":"image","meta":{"advanced_seo_description":"","jetpack_seo_html_title":"","jetpack_seo_noindex":false,"_jetpack_memberships_contains_paid_content":false,"footnotes":""},"categories":[15,5],"tags":[],"class_list":["post-15544","post","type-post","status-publish","format-image","has-post-thumbnail","hentry","category-bac-winter-edition","category-scultura-sculpture","post_format-post-format-image"],"jetpack_featured_media_url":"https:\/\/artcontest.biancoscuro.it\/site\/wp-content\/uploads\/2022\/01\/Albertini-giuditta-eoloferne.jpg","jetpack_sharing_enabled":true,"jetpack_likes_enabled":false,"_links":{"self":[{"href":"https:\/\/artcontest.biancoscuro.it\/site\/wp-json\/wp\/v2\/posts\/15544","targetHints":{"allow":["GET"]}}],"collection":[{"href":"https:\/\/artcontest.biancoscuro.it\/site\/wp-json\/wp\/v2\/posts"}],"about":[{"href":"https:\/\/artcontest.biancoscuro.it\/site\/wp-json\/wp\/v2\/types\/post"}],"author":[{"embeddable":true,"href":"https:\/\/artcontest.biancoscuro.it\/site\/wp-json\/wp\/v2\/users\/1"}],"replies":[{"embeddable":true,"href":"https:\/\/artcontest.biancoscuro.it\/site\/wp-json\/wp\/v2\/comments?post=15544"}],"version-history":[{"count":1,"href":"https:\/\/artcontest.biancoscuro.it\/site\/wp-json\/wp\/v2\/posts\/15544\/revisions"}],"predecessor-version":[{"id":15555,"href":"https:\/\/artcontest.biancoscuro.it\/site\/wp-json\/wp\/v2\/posts\/15544\/revisions\/15555"}],"wp:featuredmedia":[{"embeddable":true,"href":"https:\/\/artcontest.biancoscuro.it\/site\/wp-json\/wp\/v2\/media\/15545"}],"wp:attachment":[{"href":"https:\/\/artcontest.biancoscuro.it\/site\/wp-json\/wp\/v2\/media?parent=15544"}],"wp:term":[{"taxonomy":"category","embeddable":true,"href":"https:\/\/artcontest.biancoscuro.it\/site\/wp-json\/wp\/v2\/categories?post=15544"},{"taxonomy":"post_tag","embeddable":true,"href":"https:\/\/artcontest.biancoscuro.it\/site\/wp-json\/wp\/v2\/tags?post=15544"}],"curies":[{"name":"wp","href":"https:\/\/api.w.org\/{rel}","templated":true}]}}