{"id":15560,"date":"2022-01-02T17:15:04","date_gmt":"2022-01-02T16:15:04","guid":{"rendered":"https:\/\/artcontest.biancoscuro.it\/site\/?p=15560"},"modified":"2022-01-02T17:15:05","modified_gmt":"2022-01-02T16:15:05","slug":"pier-bertolo-6","status":"publish","type":"post","link":"https:\/\/artcontest.biancoscuro.it\/site\/pier-bertolo-6\/","title":{"rendered":"Pier Bertolo"},"content":{"rendered":"\n<figure class=\"wp-block-image\"><img loading=\"lazy\" decoding=\"async\" width=\"500\" height=\"22\" src=\"http:\/\/artcontest.biancoscuro.it\/site\/wp-content\/uploads\/2015\/03\/linette1.jpg\" alt=\".......\" class=\"wp-image-1001\" srcset=\"https:\/\/artcontest.biancoscuro.it\/site\/wp-content\/uploads\/2015\/03\/linette1.jpg 500w, https:\/\/artcontest.biancoscuro.it\/site\/wp-content\/uploads\/2015\/03\/linette1-300x13.jpg 300w\" sizes=\"auto, (max-width: 500px) 100vw, 500px\" \/><\/figure>\n\n\n\n<p>Pinocchio ritorna nella terra<br>2020<br>Scultura in tre pezzi<br>H. 3 m.<\/p>\n\n\n\n<p><strong>Pier Bertolo<\/strong> <em>(Novara, Italy &#8211; 1960)<\/em>. Nato a Novara l&#8217;11 febbraio 1960 da una quindicina d&#8217;anni sono entrato a pieno ritmo nel mondo dell&#8217;arte. Fin da piccolo ho lavorato in bottega da mio padre falegname. La scultura \u00e8 tutti i tipi di lavorazioni mi hanno sempre affascinato e nel tempo ho acquisito una buona manualit\u00e0, che unita alla mia fantasia e curiosit\u00e0, mi hanno portato ad eseguir\u00e0 queste opere.<\/p>\n\n\n\n<p><strong>Facebook<\/strong>: Pierangelo Bertolo<br><strong>Instagram<\/strong>: @bertolopierangelo<\/p>\n\n\n\n<figure class=\"wp-block-image\"><a href=\"http:\/\/artcontest.biancoscuro.it\/site\/wp-content\/uploads\/2015\/03\/linette2.jpg\"><img loading=\"lazy\" decoding=\"async\" width=\"500\" height=\"21\" src=\"http:\/\/artcontest.biancoscuro.it\/site\/wp-content\/uploads\/2015\/03\/linette2.jpg\" alt=\".......\" class=\"wp-image-1000\" srcset=\"https:\/\/artcontest.biancoscuro.it\/site\/wp-content\/uploads\/2015\/03\/linette2.jpg 500w, https:\/\/artcontest.biancoscuro.it\/site\/wp-content\/uploads\/2015\/03\/linette2-300x13.jpg 300w\" sizes=\"auto, (max-width: 500px) 100vw, 500px\" \/><\/a><\/figure>\n\n\n\n<p><strong>Vote for this artwork!<\/strong>&nbsp;Follow Biancoscuro Art Contest on&nbsp;<a rel=\"noreferrer noopener\" href=\"https:\/\/www.facebook.com\/artcontest.biancoscuro\" target=\"_blank\"><strong>Facebook<\/strong><\/a>&nbsp;and&nbsp;<a rel=\"noreferrer noopener\" href=\"https:\/\/www.instagram.com\/biancoscuroartcontest\/\" target=\"_blank\"><strong>Instagram<\/strong><\/a> then click <strong>like!<\/strong><br><strong>Vota questa opera!&nbsp;<\/strong>Segui Biancoscuro Art Contest su <strong><a rel=\"noreferrer noopener\" href=\"https:\/\/www.facebook.com\/artcontest.biancoscuro\" target=\"_blank\">Facebook<\/a>&nbsp;e <\/strong><a rel=\"noreferrer noopener\" href=\"https:\/\/www.instagram.com\/biancoscuroartcontest\/\" target=\"_blank\"><strong>Instagram&nbsp;<\/strong><\/a>quindi clicca <strong>like!<\/strong><\/p>\n\n\n\n<figure class=\"wp-block-gallery columns-3 is-cropped wp-block-gallery-1 is-layout-flex wp-block-gallery-is-layout-flex\"><ul class=\"blocks-gallery-grid\"><li class=\"blocks-gallery-item\"><figure><a href=\"https:\/\/artcontest.biancoscuro.it\/site\/wp-content\/uploads\/2022\/01\/Pinocchio-ritorna-sulla-terra.jpg\"><img loading=\"lazy\" decoding=\"async\" width=\"720\" height=\"1024\" src=\"https:\/\/artcontest.biancoscuro.it\/site\/wp-content\/uploads\/2022\/01\/Pinocchio-ritorna-sulla-terra-720x1024.jpg\" alt=\"opera iscritta al BIANCOSCURO Art Contest Winter Edition - un progetto a cura di BIANCOSCURO Art Magazine - 2021\" data-id=\"15547\" data-full-url=\"https:\/\/artcontest.biancoscuro.it\/site\/wp-content\/uploads\/2022\/01\/Pinocchio-ritorna-sulla-terra.jpg\" data-link=\"https:\/\/artcontest.biancoscuro.it\/site\/maria-lucia-albertini\/pinocchio-ritorna-sulla-terra\/\" class=\"wp-image-15547\" srcset=\"https:\/\/artcontest.biancoscuro.it\/site\/wp-content\/uploads\/2022\/01\/Pinocchio-ritorna-sulla-terra-720x1024.jpg 720w, https:\/\/artcontest.biancoscuro.it\/site\/wp-content\/uploads\/2022\/01\/Pinocchio-ritorna-sulla-terra-211x300.jpg 211w, https:\/\/artcontest.biancoscuro.it\/site\/wp-content\/uploads\/2022\/01\/Pinocchio-ritorna-sulla-terra-768x1092.jpg 768w, https:\/\/artcontest.biancoscuro.it\/site\/wp-content\/uploads\/2022\/01\/Pinocchio-ritorna-sulla-terra-450x640.jpg 450w, https:\/\/artcontest.biancoscuro.it\/site\/wp-content\/uploads\/2022\/01\/Pinocchio-ritorna-sulla-terra-600x853.jpg 600w, https:\/\/artcontest.biancoscuro.it\/site\/wp-content\/uploads\/2022\/01\/Pinocchio-ritorna-sulla-terra.jpg 999w\" sizes=\"auto, (max-width: 720px) 100vw, 720px\" \/><\/a><\/figure><\/li><li class=\"blocks-gallery-item\"><figure><a href=\"https:\/\/artcontest.biancoscuro.it\/site\/wp-content\/uploads\/2022\/01\/Pinocchio-ritorna-sulla-terraIMG_20211209_111523.jpg\"><img loading=\"lazy\" decoding=\"async\" width=\"1024\" height=\"1024\" src=\"https:\/\/artcontest.biancoscuro.it\/site\/wp-content\/uploads\/2022\/01\/Pinocchio-ritorna-sulla-terraIMG_20211209_111523-1024x1024.jpg\" alt=\"opera iscritta al BIANCOSCURO Art Contest Winter Edition - un progetto a cura di BIANCOSCURO Art Magazine - 2021\" data-id=\"15548\" data-full-url=\"https:\/\/artcontest.biancoscuro.it\/site\/wp-content\/uploads\/2022\/01\/Pinocchio-ritorna-sulla-terraIMG_20211209_111523.jpg\" data-link=\"https:\/\/artcontest.biancoscuro.it\/site\/maria-lucia-albertini\/pinocchio-ritorna-sulla-terraimg_20211209_111523\/\" class=\"wp-image-15548\" srcset=\"https:\/\/artcontest.biancoscuro.it\/site\/wp-content\/uploads\/2022\/01\/Pinocchio-ritorna-sulla-terraIMG_20211209_111523-1024x1024.jpg 1024w, https:\/\/artcontest.biancoscuro.it\/site\/wp-content\/uploads\/2022\/01\/Pinocchio-ritorna-sulla-terraIMG_20211209_111523-300x300.jpg 300w, https:\/\/artcontest.biancoscuro.it\/site\/wp-content\/uploads\/2022\/01\/Pinocchio-ritorna-sulla-terraIMG_20211209_111523-150x150.jpg 150w, https:\/\/artcontest.biancoscuro.it\/site\/wp-content\/uploads\/2022\/01\/Pinocchio-ritorna-sulla-terraIMG_20211209_111523-768x767.jpg 768w, https:\/\/artcontest.biancoscuro.it\/site\/wp-content\/uploads\/2022\/01\/Pinocchio-ritorna-sulla-terraIMG_20211209_111523-450x450.jpg 450w, https:\/\/artcontest.biancoscuro.it\/site\/wp-content\/uploads\/2022\/01\/Pinocchio-ritorna-sulla-terraIMG_20211209_111523-600x599.jpg 600w, https:\/\/artcontest.biancoscuro.it\/site\/wp-content\/uploads\/2022\/01\/Pinocchio-ritorna-sulla-terraIMG_20211209_111523.jpg 1063w\" sizes=\"auto, (max-width: 1024px) 100vw, 1024px\" \/><\/a><\/figure><\/li><li class=\"blocks-gallery-item\"><figure><a href=\"https:\/\/artcontest.biancoscuro.it\/site\/wp-content\/uploads\/2022\/01\/Pinocchio-ritorna-sulla-terraIMG-20211213-WA0012.jpg\"><img loading=\"lazy\" decoding=\"async\" width=\"999\" height=\"999\" src=\"https:\/\/artcontest.biancoscuro.it\/site\/wp-content\/uploads\/2022\/01\/Pinocchio-ritorna-sulla-terraIMG-20211213-WA0012.jpg\" alt=\"opera iscritta al BIANCOSCURO Art Contest Winter Edition - un progetto a cura di BIANCOSCURO Art Magazine - 2021\" data-id=\"15549\" data-full-url=\"https:\/\/artcontest.biancoscuro.it\/site\/wp-content\/uploads\/2022\/01\/Pinocchio-ritorna-sulla-terraIMG-20211213-WA0012.jpg\" data-link=\"https:\/\/artcontest.biancoscuro.it\/site\/maria-lucia-albertini\/pinocchio-ritorna-sulla-terraimg-20211213-wa0012\/\" class=\"wp-image-15549\" srcset=\"https:\/\/artcontest.biancoscuro.it\/site\/wp-content\/uploads\/2022\/01\/Pinocchio-ritorna-sulla-terraIMG-20211213-WA0012.jpg 999w, https:\/\/artcontest.biancoscuro.it\/site\/wp-content\/uploads\/2022\/01\/Pinocchio-ritorna-sulla-terraIMG-20211213-WA0012-300x300.jpg 300w, https:\/\/artcontest.biancoscuro.it\/site\/wp-content\/uploads\/2022\/01\/Pinocchio-ritorna-sulla-terraIMG-20211213-WA0012-150x150.jpg 150w, https:\/\/artcontest.biancoscuro.it\/site\/wp-content\/uploads\/2022\/01\/Pinocchio-ritorna-sulla-terraIMG-20211213-WA0012-768x768.jpg 768w, https:\/\/artcontest.biancoscuro.it\/site\/wp-content\/uploads\/2022\/01\/Pinocchio-ritorna-sulla-terraIMG-20211213-WA0012-450x450.jpg 450w, https:\/\/artcontest.biancoscuro.it\/site\/wp-content\/uploads\/2022\/01\/Pinocchio-ritorna-sulla-terraIMG-20211213-WA0012-600x600.jpg 600w\" sizes=\"auto, (max-width: 999px) 100vw, 999px\" \/><\/a><\/figure><\/li><\/ul><\/figure>\n","protected":false},"excerpt":{"rendered":"<p>Pinocchio ritorna nella terra2020Scultura in tre pezziH. 3 m. Pier Bertolo (Novara, Italy &#8211; 1960). Nato a Novara l&#8217;11 febbraio 1960 da una quindicina d&#8217;anni sono entrato a pieno ritmo<a href=\"https:\/\/artcontest.biancoscuro.it\/site\/pier-bertolo-6\/\">&#8230;Read More<\/a><\/p>\n","protected":false},"author":1,"featured_media":15547,"comment_status":"closed","ping_status":"closed","sticky":false,"template":"","format":"image","meta":{"advanced_seo_description":"","jetpack_seo_html_title":"","jetpack_seo_noindex":false,"_jetpack_memberships_contains_paid_content":false,"footnotes":""},"categories":[15,5],"tags":[],"class_list":["post-15560","post","type-post","status-publish","format-image","has-post-thumbnail","hentry","category-bac-winter-edition","category-scultura-sculpture","post_format-post-format-image"],"jetpack_featured_media_url":"https:\/\/artcontest.biancoscuro.it\/site\/wp-content\/uploads\/2022\/01\/Pinocchio-ritorna-sulla-terra.jpg","jetpack_sharing_enabled":true,"jetpack_likes_enabled":false,"_links":{"self":[{"href":"https:\/\/artcontest.biancoscuro.it\/site\/wp-json\/wp\/v2\/posts\/15560","targetHints":{"allow":["GET"]}}],"collection":[{"href":"https:\/\/artcontest.biancoscuro.it\/site\/wp-json\/wp\/v2\/posts"}],"about":[{"href":"https:\/\/artcontest.biancoscuro.it\/site\/wp-json\/wp\/v2\/types\/post"}],"author":[{"embeddable":true,"href":"https:\/\/artcontest.biancoscuro.it\/site\/wp-json\/wp\/v2\/users\/1"}],"replies":[{"embeddable":true,"href":"https:\/\/artcontest.biancoscuro.it\/site\/wp-json\/wp\/v2\/comments?post=15560"}],"version-history":[{"count":2,"href":"https:\/\/artcontest.biancoscuro.it\/site\/wp-json\/wp\/v2\/posts\/15560\/revisions"}],"predecessor-version":[{"id":16481,"href":"https:\/\/artcontest.biancoscuro.it\/site\/wp-json\/wp\/v2\/posts\/15560\/revisions\/16481"}],"wp:featuredmedia":[{"embeddable":true,"href":"https:\/\/artcontest.biancoscuro.it\/site\/wp-json\/wp\/v2\/media\/15547"}],"wp:attachment":[{"href":"https:\/\/artcontest.biancoscuro.it\/site\/wp-json\/wp\/v2\/media?parent=15560"}],"wp:term":[{"taxonomy":"category","embeddable":true,"href":"https:\/\/artcontest.biancoscuro.it\/site\/wp-json\/wp\/v2\/categories?post=15560"},{"taxonomy":"post_tag","embeddable":true,"href":"https:\/\/artcontest.biancoscuro.it\/site\/wp-json\/wp\/v2\/tags?post=15560"}],"curies":[{"name":"wp","href":"https:\/\/api.w.org\/{rel}","templated":true}]}}