{"id":15687,"date":"2022-01-11T19:03:57","date_gmt":"2022-01-11T18:03:57","guid":{"rendered":"https:\/\/artcontest.biancoscuro.it\/site\/?p=15687"},"modified":"2022-01-11T19:03:59","modified_gmt":"2022-01-11T18:03:59","slug":"thomas-welti-3","status":"publish","type":"post","link":"https:\/\/artcontest.biancoscuro.it\/site\/thomas-welti-3\/","title":{"rendered":"Thomas Welti"},"content":{"rendered":"\n<figure class=\"wp-block-image\"><img loading=\"lazy\" decoding=\"async\" width=\"500\" height=\"22\" src=\"http:\/\/artcontest.biancoscuro.it\/site\/wp-content\/uploads\/2015\/03\/linette1.jpg\" alt=\".......\" class=\"wp-image-1001\" srcset=\"https:\/\/artcontest.biancoscuro.it\/site\/wp-content\/uploads\/2015\/03\/linette1.jpg 500w, https:\/\/artcontest.biancoscuro.it\/site\/wp-content\/uploads\/2015\/03\/linette1-300x13.jpg 300w\" sizes=\"auto, (max-width: 500px) 100vw, 500px\" \/><\/figure>\n\n\n\n<p>Serena<br>2021<br>Bronzo<br>h. 88 cm. \u00f8 50 cm. Peso 60 kg<\/p>\n\n\n\n<p><em>Thomas Welti ha modellato amorevolmente l&#8217;opera d&#8217;arte &#8220;SERENA&#8221; in argilla e poi l&#8217;ha fusa in bronzo. Raffigura un&#8217;adolescente oggi, con le cuffie e un telefono cellulare. Naturalmente, pu\u00f2 essere presentato anche senza gli elementi elettronici. La figura \u00e8 una tipica testimonianza del nostro mondo. <\/em><\/p>\n\n\n\n<p><strong>Thomas Welti<\/strong> <em>(Baden, Switzerland &#8211; 1955)<\/em>. &#8220;Come scultore, penso che estetica, eleganza, sensualit\u00e0, armonia, simmetria e dinamica sono i concetti della bellezza fisica di una persona. La bellezza spirituale completa l\u2019uomo quando vi \u00e8 anche una bella anima\u2026&#8221; Thomas Welti. L\u2018opera scultorea di Thomas Welti (nato 1955 a CH-Baden) combina il concetto contemporaneo di forma con il vecchio mestiere dello scultore e del ceramista. Il soggetto principale del suo lavoro \u00e8 il corpo umano, in particolare il nudo femminile, nella sua rappresentazione leggermente astratta. Le sue forme irradiano armonia e sensualit\u00e0 e stimolano lo spettatore a gestire le sue opere. Le sculture affascinano attraverso la connessione tra astrazione e figurazione, la tensione tra rendere visibile e nascondere, la sicurezza nella gestione del materiale, la fisicit\u00e0 e la sensualit\u00e0 della superficie, che \u00e8 il risultato di intenserifflessioni negli anni lavorativi dell\u2018artista. Gli opposti come volume e cavit\u00e0, superfici e linee, movimento e statica, esistenza e assenza creano un\u2018interazione armoniosa. Le sue opere sono una fusione di spirito, artigianato e materiale. Opere d\u2019arte che offrono un piacere immediato e incoraggiano lo spettatore ad entrare in empatia.<br>\u00a0Istruttore di arti plastiche presso accademie d\u2019arte in Svizzera, Germania, Austria e Italia. Esposizioni in Svizzera e all\u2018estero. Mostre, vedi sotto www.welti-art.ch<\/p>\n\n\n\n<p><strong>Facebook<\/strong>: Thomas Welti<br><strong>Instagram<\/strong>: @weltithomas<br><strong>Web:<\/strong> www.welti-art.ch<\/p>\n\n\n\n<figure class=\"wp-block-image\"><a href=\"http:\/\/artcontest.biancoscuro.it\/site\/wp-content\/uploads\/2015\/03\/linette2.jpg\"><img loading=\"lazy\" decoding=\"async\" width=\"500\" height=\"21\" src=\"http:\/\/artcontest.biancoscuro.it\/site\/wp-content\/uploads\/2015\/03\/linette2.jpg\" alt=\".......\" class=\"wp-image-1000\" srcset=\"https:\/\/artcontest.biancoscuro.it\/site\/wp-content\/uploads\/2015\/03\/linette2.jpg 500w, https:\/\/artcontest.biancoscuro.it\/site\/wp-content\/uploads\/2015\/03\/linette2-300x13.jpg 300w\" sizes=\"auto, (max-width: 500px) 100vw, 500px\" \/><\/a><\/figure>\n\n\n\n<p><strong>Vote for this artwork!<\/strong>&nbsp;Follow Biancoscuro Art Contest on&nbsp;<a rel=\"noreferrer noopener\" href=\"https:\/\/www.facebook.com\/artcontest.biancoscuro\" target=\"_blank\"><strong>Facebook<\/strong><\/a>&nbsp;and&nbsp;<a rel=\"noreferrer noopener\" href=\"https:\/\/www.instagram.com\/biancoscuroartcontest\/\" target=\"_blank\"><strong>Instagram<\/strong><\/a> then click <strong>like!<\/strong><br><strong>Vota questa opera!&nbsp;<\/strong>Segui Biancoscuro Art Contest su <strong><a rel=\"noreferrer noopener\" href=\"https:\/\/www.facebook.com\/artcontest.biancoscuro\" target=\"_blank\">Facebook<\/a>&nbsp;e <\/strong><a rel=\"noreferrer noopener\" href=\"https:\/\/www.instagram.com\/biancoscuroartcontest\/\" target=\"_blank\"><strong>Instagram&nbsp;<\/strong><\/a>quindi clicca <strong>like<\/strong><\/p>\n\n\n\n<figure class=\"wp-block-image size-medium\"><a href=\"https:\/\/artcontest.biancoscuro.it\/site\/wp-content\/uploads\/2022\/01\/Thomas-Welti-SERENA.jpg\"><img loading=\"lazy\" decoding=\"async\" width=\"225\" height=\"300\" src=\"https:\/\/artcontest.biancoscuro.it\/site\/wp-content\/uploads\/2022\/01\/Thomas-Welti-SERENA-225x300.jpg\" alt=\"opera iscritta al BIANCOSCURO Art Contest Winter Edition - un progetto a cura di BIANCOSCURO Art Magazine - 2021\" class=\"wp-image-15689\" srcset=\"https:\/\/artcontest.biancoscuro.it\/site\/wp-content\/uploads\/2022\/01\/Thomas-Welti-SERENA-225x300.jpg 225w, https:\/\/artcontest.biancoscuro.it\/site\/wp-content\/uploads\/2022\/01\/Thomas-Welti-SERENA-450x600.jpg 450w, https:\/\/artcontest.biancoscuro.it\/site\/wp-content\/uploads\/2022\/01\/Thomas-Welti-SERENA-600x800.jpg 600w, https:\/\/artcontest.biancoscuro.it\/site\/wp-content\/uploads\/2022\/01\/Thomas-Welti-SERENA.jpg 749w\" sizes=\"auto, (max-width: 225px) 100vw, 225px\" \/><\/a><\/figure>\n","protected":false},"excerpt":{"rendered":"<p>Serena2021Bronzoh. 88 cm. \u00f8 50 cm. Peso 60 kg Thomas Welti ha modellato amorevolmente l&#8217;opera d&#8217;arte &#8220;SERENA&#8221; in argilla e poi l&#8217;ha fusa in bronzo. Raffigura un&#8217;adolescente oggi, con le<a href=\"https:\/\/artcontest.biancoscuro.it\/site\/thomas-welti-3\/\">&#8230;Read More<\/a><\/p>\n","protected":false},"author":1,"featured_media":15689,"comment_status":"closed","ping_status":"closed","sticky":false,"template":"","format":"image","meta":{"advanced_seo_description":"","jetpack_seo_html_title":"","jetpack_seo_noindex":false,"_jetpack_memberships_contains_paid_content":false,"footnotes":""},"categories":[15,5],"tags":[],"class_list":["post-15687","post","type-post","status-publish","format-image","has-post-thumbnail","hentry","category-bac-winter-edition","category-scultura-sculpture","post_format-post-format-image"],"jetpack_featured_media_url":"https:\/\/artcontest.biancoscuro.it\/site\/wp-content\/uploads\/2022\/01\/Thomas-Welti-SERENA.jpg","jetpack_sharing_enabled":true,"jetpack_likes_enabled":false,"_links":{"self":[{"href":"https:\/\/artcontest.biancoscuro.it\/site\/wp-json\/wp\/v2\/posts\/15687","targetHints":{"allow":["GET"]}}],"collection":[{"href":"https:\/\/artcontest.biancoscuro.it\/site\/wp-json\/wp\/v2\/posts"}],"about":[{"href":"https:\/\/artcontest.biancoscuro.it\/site\/wp-json\/wp\/v2\/types\/post"}],"author":[{"embeddable":true,"href":"https:\/\/artcontest.biancoscuro.it\/site\/wp-json\/wp\/v2\/users\/1"}],"replies":[{"embeddable":true,"href":"https:\/\/artcontest.biancoscuro.it\/site\/wp-json\/wp\/v2\/comments?post=15687"}],"version-history":[{"count":1,"href":"https:\/\/artcontest.biancoscuro.it\/site\/wp-json\/wp\/v2\/posts\/15687\/revisions"}],"predecessor-version":[{"id":15711,"href":"https:\/\/artcontest.biancoscuro.it\/site\/wp-json\/wp\/v2\/posts\/15687\/revisions\/15711"}],"wp:featuredmedia":[{"embeddable":true,"href":"https:\/\/artcontest.biancoscuro.it\/site\/wp-json\/wp\/v2\/media\/15689"}],"wp:attachment":[{"href":"https:\/\/artcontest.biancoscuro.it\/site\/wp-json\/wp\/v2\/media?parent=15687"}],"wp:term":[{"taxonomy":"category","embeddable":true,"href":"https:\/\/artcontest.biancoscuro.it\/site\/wp-json\/wp\/v2\/categories?post=15687"},{"taxonomy":"post_tag","embeddable":true,"href":"https:\/\/artcontest.biancoscuro.it\/site\/wp-json\/wp\/v2\/tags?post=15687"}],"curies":[{"name":"wp","href":"https:\/\/api.w.org\/{rel}","templated":true}]}}