{"id":15867,"date":"2022-01-25T18:06:32","date_gmt":"2022-01-25T17:06:32","guid":{"rendered":"https:\/\/artcontest.biancoscuro.it\/site\/?p=15867"},"modified":"2022-01-25T18:06:33","modified_gmt":"2022-01-25T17:06:33","slug":"veronica-garcea","status":"publish","type":"post","link":"https:\/\/artcontest.biancoscuro.it\/site\/veronica-garcea\/","title":{"rendered":"Veronica Garcea"},"content":{"rendered":"\n<figure class=\"wp-block-image\"><img loading=\"lazy\" decoding=\"async\" width=\"500\" height=\"22\" src=\"http:\/\/artcontest.biancoscuro.it\/site\/wp-content\/uploads\/2015\/03\/linette1.jpg\" alt=\".......\" class=\"wp-image-1001\" srcset=\"https:\/\/artcontest.biancoscuro.it\/site\/wp-content\/uploads\/2015\/03\/linette1.jpg 500w, https:\/\/artcontest.biancoscuro.it\/site\/wp-content\/uploads\/2015\/03\/linette1-300x13.jpg 300w\" sizes=\"auto, (max-width: 500px) 100vw, 500px\" \/><\/figure>\n\n\n\n<p>Maternit\u00e0<br>2019<br>olio su tela<br>80&#215;80 cm.<\/p>\n\n\n\n<p><strong>Veronica Garcea<\/strong> <em>(Milano, Italy)<\/em>. Milanese con studi dopo il Liceo Artistico di Architettura al Politecnico di Milano, indirizzo Restauro, ha sempre disegnato e dipinto, in quanto \u00e8 la sua pi\u00f9 grande passione, inizialmente partendo dalla realt\u00e0 poi sempre pi\u00f9 estraendosi. La sua pittura definita emozionale, utilizza soprattutto il colore come espressione; i temi che ha approfondito maggiormente, la Donna come forte identit\u00e0 femminile con le ingiustizie e le violenze e la Natura in ogni sua forma, dalla celebrazione alle distruzioni. Ha il suo studio tra Brera e Porta Nuova a Milano, dove oltre all\u2019aspetto creativo, si riunisce con amici artisti ed appassionati. Ha partecipato a varie Fiere Nazionali sul territorio italiano ed esposto a diverse collettive con alcuni Premi assegnati, nel 2017 una sua personale voluta dal comune di Segrate,\u00a0 al Centro Civico Giuseppe Verdi.<\/p>\n\n\n\n<p><strong>Facebook<\/strong>: Veronica Garcea Art<br><strong>Instagram<\/strong>: @veronicagarceaart<br><strong>Web:<\/strong> www.veronicagarceaart.com<\/p>\n\n\n\n<figure class=\"wp-block-image\"><a href=\"http:\/\/artcontest.biancoscuro.it\/site\/wp-content\/uploads\/2015\/03\/linette2.jpg\"><img loading=\"lazy\" decoding=\"async\" width=\"500\" height=\"21\" src=\"http:\/\/artcontest.biancoscuro.it\/site\/wp-content\/uploads\/2015\/03\/linette2.jpg\" alt=\".......\" class=\"wp-image-1000\" srcset=\"https:\/\/artcontest.biancoscuro.it\/site\/wp-content\/uploads\/2015\/03\/linette2.jpg 500w, https:\/\/artcontest.biancoscuro.it\/site\/wp-content\/uploads\/2015\/03\/linette2-300x13.jpg 300w\" sizes=\"auto, (max-width: 500px) 100vw, 500px\" \/><\/a><\/figure>\n\n\n\n<p><strong>Vote for this artwork!<\/strong>&nbsp;Follow Biancoscuro Art Contest on&nbsp;<a rel=\"noreferrer noopener\" href=\"https:\/\/www.facebook.com\/artcontest.biancoscuro\" target=\"_blank\"><strong>Facebook<\/strong><\/a>&nbsp;and&nbsp;<a rel=\"noreferrer noopener\" href=\"https:\/\/www.instagram.com\/biancoscuroartcontest\/\" target=\"_blank\"><strong>Instagram<\/strong><\/a> then click <strong>like!<\/strong><br><strong>Vota questa opera!&nbsp;<\/strong>Segui Biancoscuro Art Contest su <strong><a rel=\"noreferrer noopener\" href=\"https:\/\/www.facebook.com\/artcontest.biancoscuro\" target=\"_blank\">Facebook<\/a>&nbsp;e <\/strong><a rel=\"noreferrer noopener\" href=\"https:\/\/www.instagram.com\/biancoscuroartcontest\/\" target=\"_blank\"><strong>Instagram&nbsp;<\/strong><\/a>quindi clicca <strong>like<\/strong><\/p>\n\n\n\n<figure class=\"wp-block-image size-medium\"><a href=\"https:\/\/artcontest.biancoscuro.it\/site\/wp-content\/uploads\/2022\/01\/6ef3894535af19e85db73462b70146ca.jpg\"><img loading=\"lazy\" decoding=\"async\" width=\"300\" height=\"300\" src=\"https:\/\/artcontest.biancoscuro.it\/site\/wp-content\/uploads\/2022\/01\/6ef3894535af19e85db73462b70146ca-300x300.jpg\" alt=\"opera iscritta al BIANCOSCURO Art Contest Winter Edition - un progetto a cura di BIANCOSCURO Art Magazine - 2021\" class=\"wp-image-15817\" srcset=\"https:\/\/artcontest.biancoscuro.it\/site\/wp-content\/uploads\/2022\/01\/6ef3894535af19e85db73462b70146ca-300x300.jpg 300w, https:\/\/artcontest.biancoscuro.it\/site\/wp-content\/uploads\/2022\/01\/6ef3894535af19e85db73462b70146ca-150x150.jpg 150w, https:\/\/artcontest.biancoscuro.it\/site\/wp-content\/uploads\/2022\/01\/6ef3894535af19e85db73462b70146ca-768x768.jpg 768w, https:\/\/artcontest.biancoscuro.it\/site\/wp-content\/uploads\/2022\/01\/6ef3894535af19e85db73462b70146ca-450x450.jpg 450w, https:\/\/artcontest.biancoscuro.it\/site\/wp-content\/uploads\/2022\/01\/6ef3894535af19e85db73462b70146ca-600x600.jpg 600w, https:\/\/artcontest.biancoscuro.it\/site\/wp-content\/uploads\/2022\/01\/6ef3894535af19e85db73462b70146ca.jpg 999w\" sizes=\"auto, (max-width: 300px) 100vw, 300px\" \/><\/a><\/figure>\n","protected":false},"excerpt":{"rendered":"<p>Maternit\u00e02019olio su tela80&#215;80 cm. Veronica Garcea (Milano, Italy). Milanese con studi dopo il Liceo Artistico di Architettura al Politecnico di Milano, indirizzo Restauro, ha sempre disegnato e dipinto, in quanto<a href=\"https:\/\/artcontest.biancoscuro.it\/site\/veronica-garcea\/\">&#8230;Read More<\/a><\/p>\n","protected":false},"author":1,"featured_media":15817,"comment_status":"closed","ping_status":"closed","sticky":false,"template":"","format":"image","meta":{"advanced_seo_description":"","jetpack_seo_html_title":"","jetpack_seo_noindex":false,"_jetpack_memberships_contains_paid_content":false,"footnotes":""},"categories":[15,4],"tags":[],"class_list":["post-15867","post","type-post","status-publish","format-image","has-post-thumbnail","hentry","category-bac-winter-edition","category-pittura-painting","post_format-post-format-image"],"jetpack_featured_media_url":"https:\/\/artcontest.biancoscuro.it\/site\/wp-content\/uploads\/2022\/01\/6ef3894535af19e85db73462b70146ca.jpg","jetpack_sharing_enabled":true,"jetpack_likes_enabled":false,"_links":{"self":[{"href":"https:\/\/artcontest.biancoscuro.it\/site\/wp-json\/wp\/v2\/posts\/15867","targetHints":{"allow":["GET"]}}],"collection":[{"href":"https:\/\/artcontest.biancoscuro.it\/site\/wp-json\/wp\/v2\/posts"}],"about":[{"href":"https:\/\/artcontest.biancoscuro.it\/site\/wp-json\/wp\/v2\/types\/post"}],"author":[{"embeddable":true,"href":"https:\/\/artcontest.biancoscuro.it\/site\/wp-json\/wp\/v2\/users\/1"}],"replies":[{"embeddable":true,"href":"https:\/\/artcontest.biancoscuro.it\/site\/wp-json\/wp\/v2\/comments?post=15867"}],"version-history":[{"count":1,"href":"https:\/\/artcontest.biancoscuro.it\/site\/wp-json\/wp\/v2\/posts\/15867\/revisions"}],"predecessor-version":[{"id":15868,"href":"https:\/\/artcontest.biancoscuro.it\/site\/wp-json\/wp\/v2\/posts\/15867\/revisions\/15868"}],"wp:featuredmedia":[{"embeddable":true,"href":"https:\/\/artcontest.biancoscuro.it\/site\/wp-json\/wp\/v2\/media\/15817"}],"wp:attachment":[{"href":"https:\/\/artcontest.biancoscuro.it\/site\/wp-json\/wp\/v2\/media?parent=15867"}],"wp:term":[{"taxonomy":"category","embeddable":true,"href":"https:\/\/artcontest.biancoscuro.it\/site\/wp-json\/wp\/v2\/categories?post=15867"},{"taxonomy":"post_tag","embeddable":true,"href":"https:\/\/artcontest.biancoscuro.it\/site\/wp-json\/wp\/v2\/tags?post=15867"}],"curies":[{"name":"wp","href":"https:\/\/api.w.org\/{rel}","templated":true}]}}