{"id":16172,"date":"2022-02-11T16:39:00","date_gmt":"2022-02-11T15:39:00","guid":{"rendered":"https:\/\/artcontest.biancoscuro.it\/site\/?p=16172"},"modified":"2022-03-02T16:29:58","modified_gmt":"2022-03-02T15:29:58","slug":"rita-protopapa","status":"publish","type":"post","link":"https:\/\/artcontest.biancoscuro.it\/site\/rita-protopapa\/","title":{"rendered":"Rita Protopapa"},"content":{"rendered":"\n<figure class=\"wp-block-image\"><img loading=\"lazy\" decoding=\"async\" width=\"500\" height=\"22\" src=\"http:\/\/artcontest.biancoscuro.it\/site\/wp-content\/uploads\/2015\/03\/linette1.jpg\" alt=\".......\" class=\"wp-image-1001\" srcset=\"https:\/\/artcontest.biancoscuro.it\/site\/wp-content\/uploads\/2015\/03\/linette1.jpg 500w, https:\/\/artcontest.biancoscuro.it\/site\/wp-content\/uploads\/2015\/03\/linette1-300x13.jpg 300w\" sizes=\"auto, (max-width: 500px) 100vw, 500px\" \/><\/figure>\n\n\n\n<p>Il palloncino rosso<br>2010<br>olio su tela con sovrapposizioni scultoree<br>50&#215;70 cm.<\/p>\n\n\n\n<p><strong>Rita Protopapa<\/strong> <em>(San Giorgio Jonico, Taranto. Italy &#8211; 1965)<\/em>. Il suo talento nell&#8217;arte e nella pittura era gi\u00e0 nota nella sua fanciullezza. Finita la scuola dell&#8217;obbligo si \u00e8 iscritta al Liceo Artistico Lisippo di Taranto dove si sono diplomata nel 1984.<br>\u00c8 stata presidente di un\u2019associazione culturale in Taranto. Ha partecipato a diverse biennali come quella di Piacenza e di Bari, ha esposto in numerose personali a Taranto, Roma, Bari, Milano, Bologna e in rassegne in Italia e all\u2019estero ottenendo premi e riconoscimenti. Le sue opere sono in enti pubblici e collezioni private, ed attualmente espone su invito in numerose rassegne d&#8217;arte, concorsi e collettive a carattere regionale, nazionale, internazionale, riscuotendo ampi consensi critici e premi. La sua espressione pittorica ricorre spesso alla figura umana, con una tematica vasta e meditativa, rivelando una consolidata maturit\u00e0 di stile.<br><br><strong><em>Mostre Individuali in Italia e all\u2019estero<\/em><\/strong><br>&#8211; 1985 Circolo arci-citt\u00e0, Talsano<br>&#8211; 1985, Maestri Italiani del colore, Lugano, Svizzera<br>&#8211; 1986 Maestri Italiani del colore, Centro Congressi Hotel Presidente, Barcellona, Spagna<br>&#8211; 1990 Centro di arte e cultura, Gioia del Colle<br>&#8211; 1992 Circolo culturale puglia, Talsano<br>&#8211; 1993 Galleria Helicon Art, Roma<br>&#8211; 2005 Expo Arte, Bari<br>&#8211; 2006 Galleria Modigliani, Milano<br>&#8211; 2007 Iterarte, Bologna<br>&#8211; 2017 Piacenza Expo, Piacenza<br><br><strong><em>Mostre collettive in Italia e all\u2019estero e concorsi<\/em><\/strong><br>Mottola, Gioia del Colle,&nbsp;Brindisi, Acquaviva delle Fonti, Talsano, Crispiano, \u2018I riti della settimana santa,\u2019 Taranto, Arte e Marina, Taranto, 2020 Emirates Art Connection, International Exhibition of contemporary Art, Dubai, 2020 Art Innsbruck Fair, Arte Moderna, Innsbruck, Austria.<br><br><strong><em>Riviste e collaborazioni<\/em><\/strong><br>&#8211; dal 1985 al 2015, \u2019Arte Selezione Internazionale\u2019, Rivista L\u2019 Elite new, a cura di Roberto Perdicaro e del critico d\u2019arte Vito Cracas.<br>&#8211; 1993, Rassegna dell\u2019 arte italiana contemporanea\u2019 a cura di Walter Scotti.<br>&#8211; 1993 \u2018Rassegna dell\u2019arte pugliese e contemporanea 1943-1993\u2019, a cura di Domenico<br>Carone e Walter Scotti.<br>&#8211; 1993 Catalogo Ufficiale dell\u2019arte contemporanea italiana\u2019 della rivista Top Arts, edizione 94. , editore Rossano Massaccesi.<br>&#8211; Repertorio d\u2019arte contemporanea, collana Antares, Vincenzo Ursini Editore.<br>&#8211; Arte Italiana contemporanea, a cura di Angelo Calabrese e Mario Maiorno, collana La Ginestra, Edizioni Arezzo.<br>Svariate partecipazioni nel Circolo culturale Puglia, Accademia Dioscuri e al centro culturale Rosselli, Taranto. Tra il 2019-2020 ho tenuto corsi di corsi di Pittura personali e mirati .<br>&#8211; 2003 -2019 \u201cPresidente associazione Arte &amp; Fantasia \u201c Talsano, associazione artistico culturale, con corsi di pittura dai pi\u00f9 piccoli ai pi\u00f9 grandi, anche persone con disabilit\u00e0.<br>&#8211;&nbsp;Organizzatrice e progettista con l\u2019Associazione Arte e Fantasia a Taranto e con l\u2019Associazione Arte e Fantasia a Taranto in agro tarantino, e a Brindisi, Ostuni Oria, Ruffano, Villa Castelli , Bologna, San Gimignano.<br>&#8211; dal 4\/08\/2021 al 15\/08\/2021 mostra personale al palazzo Ducale Martina Franca.<\/p>\n\n\n\n<p><em>&#8220;Autrice di una pittura di grande valenza evocativa, perfetta sintesi di spunti narrativi e simbolici ispirati dalla vita , dalla memoria , dalla storia\u2026 rielaborati dalla fantasia creatrice in ambientazioni e atmosfere surreali&#8221;<\/em><br><em>Vito Cracas<\/em><\/p>\n\n\n\n<p><strong>Facebook<\/strong>: rita protopapa<br><strong>Instagram<\/strong>: rita protopapa<\/p>\n\n\n\n<figure class=\"wp-block-image\"><a href=\"http:\/\/artcontest.biancoscuro.it\/site\/wp-content\/uploads\/2015\/03\/linette2.jpg\"><img loading=\"lazy\" decoding=\"async\" width=\"500\" height=\"21\" src=\"http:\/\/artcontest.biancoscuro.it\/site\/wp-content\/uploads\/2015\/03\/linette2.jpg\" alt=\".......\" class=\"wp-image-1000\" srcset=\"https:\/\/artcontest.biancoscuro.it\/site\/wp-content\/uploads\/2015\/03\/linette2.jpg 500w, https:\/\/artcontest.biancoscuro.it\/site\/wp-content\/uploads\/2015\/03\/linette2-300x13.jpg 300w\" sizes=\"auto, (max-width: 500px) 100vw, 500px\" \/><\/a><\/figure>\n\n\n\n<p><strong>Vote for this artwork!<\/strong>&nbsp;Follow Biancoscuro Art Contest on&nbsp;<a rel=\"noreferrer noopener\" href=\"https:\/\/www.facebook.com\/artcontest.biancoscuro\" target=\"_blank\"><strong>Facebook<\/strong><\/a>&nbsp;and&nbsp;<a rel=\"noreferrer noopener\" href=\"https:\/\/www.instagram.com\/biancoscuroartcontest\/\" target=\"_blank\"><strong>Instagram<\/strong><\/a> then click <strong>like!<\/strong><br><strong>Vota questa opera!&nbsp;<\/strong>Segui Biancoscuro Art Contest su <strong><a rel=\"noreferrer noopener\" href=\"https:\/\/www.facebook.com\/artcontest.biancoscuro\" target=\"_blank\">Facebook<\/a>&nbsp;e <\/strong><a rel=\"noreferrer noopener\" href=\"https:\/\/www.instagram.com\/biancoscuroartcontest\/\" target=\"_blank\"><strong>Instagram&nbsp;<\/strong><\/a>quindi clicca <strong>like<\/strong><\/p>\n\n\n\n<figure class=\"wp-block-image size-medium\"><a href=\"https:\/\/artcontest.biancoscuro.it\/site\/wp-content\/uploads\/2022\/02\/IMG-20220214-WA0080.jpg\"><img loading=\"lazy\" decoding=\"async\" width=\"300\" height=\"272\" src=\"https:\/\/artcontest.biancoscuro.it\/site\/wp-content\/uploads\/2022\/02\/IMG-20220214-WA0080-300x272.jpg\" alt=\"opera iscritta al BIANCOSCURO Art Contest Winter Edition - un progetto a cura di BIANCOSCURO Art Magazine - 2021\" class=\"wp-image-16153\" srcset=\"https:\/\/artcontest.biancoscuro.it\/site\/wp-content\/uploads\/2022\/02\/IMG-20220214-WA0080-300x272.jpg 300w, https:\/\/artcontest.biancoscuro.it\/site\/wp-content\/uploads\/2022\/02\/IMG-20220214-WA0080-768x697.jpg 768w, https:\/\/artcontest.biancoscuro.it\/site\/wp-content\/uploads\/2022\/02\/IMG-20220214-WA0080-450x409.jpg 450w, https:\/\/artcontest.biancoscuro.it\/site\/wp-content\/uploads\/2022\/02\/IMG-20220214-WA0080-600x545.jpg 600w, https:\/\/artcontest.biancoscuro.it\/site\/wp-content\/uploads\/2022\/02\/IMG-20220214-WA0080.jpg 999w\" sizes=\"auto, (max-width: 300px) 100vw, 300px\" \/><\/a><\/figure>\n","protected":false},"excerpt":{"rendered":"<p>Il palloncino rosso2010olio su tela con sovrapposizioni scultoree50&#215;70 cm. Rita Protopapa (San Giorgio Jonico, Taranto. Italy &#8211; 1965). Il suo talento nell&#8217;arte e nella pittura era gi\u00e0 nota nella sua<a href=\"https:\/\/artcontest.biancoscuro.it\/site\/rita-protopapa\/\">&#8230;Read More<\/a><\/p>\n","protected":false},"author":1,"featured_media":16153,"comment_status":"closed","ping_status":"closed","sticky":false,"template":"","format":"image","meta":{"advanced_seo_description":"","jetpack_seo_html_title":"","jetpack_seo_noindex":false,"_jetpack_memberships_contains_paid_content":false,"footnotes":""},"categories":[15,4],"tags":[],"class_list":["post-16172","post","type-post","status-publish","format-image","has-post-thumbnail","hentry","category-bac-winter-edition","category-pittura-painting","post_format-post-format-image"],"jetpack_featured_media_url":"https:\/\/artcontest.biancoscuro.it\/site\/wp-content\/uploads\/2022\/02\/IMG-20220214-WA0080.jpg","jetpack_sharing_enabled":true,"jetpack_likes_enabled":false,"_links":{"self":[{"href":"https:\/\/artcontest.biancoscuro.it\/site\/wp-json\/wp\/v2\/posts\/16172","targetHints":{"allow":["GET"]}}],"collection":[{"href":"https:\/\/artcontest.biancoscuro.it\/site\/wp-json\/wp\/v2\/posts"}],"about":[{"href":"https:\/\/artcontest.biancoscuro.it\/site\/wp-json\/wp\/v2\/types\/post"}],"author":[{"embeddable":true,"href":"https:\/\/artcontest.biancoscuro.it\/site\/wp-json\/wp\/v2\/users\/1"}],"replies":[{"embeddable":true,"href":"https:\/\/artcontest.biancoscuro.it\/site\/wp-json\/wp\/v2\/comments?post=16172"}],"version-history":[{"count":2,"href":"https:\/\/artcontest.biancoscuro.it\/site\/wp-json\/wp\/v2\/posts\/16172\/revisions"}],"predecessor-version":[{"id":16285,"href":"https:\/\/artcontest.biancoscuro.it\/site\/wp-json\/wp\/v2\/posts\/16172\/revisions\/16285"}],"wp:featuredmedia":[{"embeddable":true,"href":"https:\/\/artcontest.biancoscuro.it\/site\/wp-json\/wp\/v2\/media\/16153"}],"wp:attachment":[{"href":"https:\/\/artcontest.biancoscuro.it\/site\/wp-json\/wp\/v2\/media?parent=16172"}],"wp:term":[{"taxonomy":"category","embeddable":true,"href":"https:\/\/artcontest.biancoscuro.it\/site\/wp-json\/wp\/v2\/categories?post=16172"},{"taxonomy":"post_tag","embeddable":true,"href":"https:\/\/artcontest.biancoscuro.it\/site\/wp-json\/wp\/v2\/tags?post=16172"}],"curies":[{"name":"wp","href":"https:\/\/api.w.org\/{rel}","templated":true}]}}