{"id":16239,"date":"2022-02-21T18:33:10","date_gmt":"2022-02-21T17:33:10","guid":{"rendered":"https:\/\/artcontest.biancoscuro.it\/site\/?p=16239"},"modified":"2022-02-21T18:33:11","modified_gmt":"2022-02-21T17:33:11","slug":"lillo-magro-3","status":"publish","type":"post","link":"https:\/\/artcontest.biancoscuro.it\/site\/lillo-magro-3\/","title":{"rendered":"Lillo Magro"},"content":{"rendered":"\n<figure class=\"wp-block-image\"><img loading=\"lazy\" decoding=\"async\" width=\"500\" height=\"22\" src=\"http:\/\/artcontest.biancoscuro.it\/site\/wp-content\/uploads\/2015\/03\/linette1.jpg\" alt=\".......\" class=\"wp-image-1001\" srcset=\"https:\/\/artcontest.biancoscuro.it\/site\/wp-content\/uploads\/2015\/03\/linette1.jpg 500w, https:\/\/artcontest.biancoscuro.it\/site\/wp-content\/uploads\/2015\/03\/linette1-300x13.jpg 300w\" sizes=\"auto, (max-width: 500px) 100vw, 500px\" \/><\/figure>\n\n\n\n<p>La forza della vita che rinasce<br>2020<br>Pastello su carta<br>50&#215;70 cm.<\/p>\n\n\n\n<p><strong>Lillo Magro <\/strong><em>\u00a0(Hemsbach\u00a0\u00a0&#8211; Germany)\u00a0<\/em> nasce nel mese di luglio a Delia, Sicilia. Amante delle forme e del colore, si iscrive e frequenta l\u2019Istituto statale d\u2019Arte \u201cF. Juvara\u201c di San Cataldo.<br>Gi\u00e0 nel 1981 tiene la sua prima personale, nel 1982 consegue la maturit\u00e0 d\u2019arte applicata, e subito dopo si trasferisce a Firenze e frequenta l\u2019accademia .Le iniziative che intraprende sono tante: le collettive con compagni e amici della stessa accademia, frequentazioni delle botteghe di restauro per mantenersi agli studi, lavori alla bottega del teatro comunale di Firenze.<br>Diverse sono le mostre in Toscana dove rimane per molti anni. Ma la sua terra lo richiama, torna in Sicilia dove vive e lavora, sebbene i contatti con la Toscana gli rimangono sempre vivi. Espone in diverse collettive e personali tra la Sicilia e la Calabria riscuotendo consensi di pubblico e critica.<br>Per molti anni studia (il vetro) materia che lo affascina cercando di farlo sempre pi\u00f9 suo. Espone le sue prime opere a Paola e intuisce che la nuova materia ha qualcosa in pi\u00f9 per esprimersi. Espone a Piazza Armerina (citt\u00e0 a cui si sente molto legato) dove i consensi lo gratificano e lo stimolano a continuare nello studio di sintesi formali che lo porta sempre pi\u00f9 rispondenti alla propria esigenza spirituale.<br>Continua ancoranello studio del vetro approfondendolo sempre di pi\u00f9 ed espone a Palermo in una collettiva a Taormina per programmare ancora un\u00b4esposizione a Roma ed altro ancora.<br>In questo lasso di tempo non tralascia mai la scultura in legno, materia che ha sempre prediletto e che amalgama con molta facilit\u00e0 a questo si aggiunge una nuova materia in maniera sperimentale<br>\u201cil Polistirolo\u201d . Oggi vive in Germania e in questo periodo e affascinato dai pastelli e dedica molto tempo per captare la natura vivendo di ricordi della sua terra cercando costantemente quella leggera linea che divide il cielo dall\u00b4orizzonte , dai contrasti di luce ed ombre, dove l\u00b4ombra diventa luce della luce, cercando di vedere quelli che altri non vedono, cogliendo particolari minuziosi, recuperando la poesia delle cose e vedendo e rivedendo nei ricordi.<\/p>\n\n\n\n<p><strong>Facebook<\/strong>: Konte Rumolo<br><strong>Web:<\/strong> www.lillomagro.de<\/p>\n\n\n\n<figure class=\"wp-block-image\"><a href=\"http:\/\/artcontest.biancoscuro.it\/site\/wp-content\/uploads\/2015\/03\/linette2.jpg\"><img loading=\"lazy\" decoding=\"async\" width=\"500\" height=\"21\" src=\"http:\/\/artcontest.biancoscuro.it\/site\/wp-content\/uploads\/2015\/03\/linette2.jpg\" alt=\".......\" class=\"wp-image-1000\" srcset=\"https:\/\/artcontest.biancoscuro.it\/site\/wp-content\/uploads\/2015\/03\/linette2.jpg 500w, https:\/\/artcontest.biancoscuro.it\/site\/wp-content\/uploads\/2015\/03\/linette2-300x13.jpg 300w\" sizes=\"auto, (max-width: 500px) 100vw, 500px\" \/><\/a><\/figure>\n\n\n\n<p><strong>Vote for this artwork!<\/strong>&nbsp;Follow Biancoscuro Art Contest on&nbsp;<a rel=\"noreferrer noopener\" href=\"https:\/\/www.facebook.com\/artcontest.biancoscuro\" target=\"_blank\"><strong>Facebook<\/strong><\/a>&nbsp;and&nbsp;<a rel=\"noreferrer noopener\" href=\"https:\/\/www.instagram.com\/biancoscuroartcontest\/\" target=\"_blank\"><strong>Instagram<\/strong><\/a> then click <strong>like!<\/strong><br><strong>Vota questa opera!&nbsp;<\/strong>Segui Biancoscuro Art Contest su <strong><a rel=\"noreferrer noopener\" href=\"https:\/\/www.facebook.com\/artcontest.biancoscuro\" target=\"_blank\">Facebook<\/a>&nbsp;e <\/strong><a rel=\"noreferrer noopener\" href=\"https:\/\/www.instagram.com\/biancoscuroartcontest\/\" target=\"_blank\"><strong>Instagram&nbsp;<\/strong><\/a>quindi clicca <strong>like<\/strong><\/p>\n\n\n\n<figure class=\"wp-block-image size-medium\"><a href=\"https:\/\/artcontest.biancoscuro.it\/site\/wp-content\/uploads\/2022\/02\/la-forza-della-vita-che-rinasce.jpg\"><img loading=\"lazy\" decoding=\"async\" width=\"300\" height=\"205\" src=\"https:\/\/artcontest.biancoscuro.it\/site\/wp-content\/uploads\/2022\/02\/la-forza-della-vita-che-rinasce-300x205.jpg\" alt=\"\" class=\"wp-image-16240\" srcset=\"https:\/\/artcontest.biancoscuro.it\/site\/wp-content\/uploads\/2022\/02\/la-forza-della-vita-che-rinasce-300x205.jpg 300w, https:\/\/artcontest.biancoscuro.it\/site\/wp-content\/uploads\/2022\/02\/la-forza-della-vita-che-rinasce-768x524.jpg 768w, https:\/\/artcontest.biancoscuro.it\/site\/wp-content\/uploads\/2022\/02\/la-forza-della-vita-che-rinasce-450x307.jpg 450w, https:\/\/artcontest.biancoscuro.it\/site\/wp-content\/uploads\/2022\/02\/la-forza-della-vita-che-rinasce-600x409.jpg 600w, https:\/\/artcontest.biancoscuro.it\/site\/wp-content\/uploads\/2022\/02\/la-forza-della-vita-che-rinasce.jpg 999w\" sizes=\"auto, (max-width: 300px) 100vw, 300px\" \/><\/a><\/figure>\n","protected":false},"excerpt":{"rendered":"<p>La forza della vita che rinasce2020Pastello su carta50&#215;70 cm. Lillo Magro \u00a0(Hemsbach\u00a0\u00a0&#8211; Germany)\u00a0 nasce nel mese di luglio a Delia, Sicilia. Amante delle forme e del colore, si iscrive e<a href=\"https:\/\/artcontest.biancoscuro.it\/site\/lillo-magro-3\/\">&#8230;Read More<\/a><\/p>\n","protected":false},"author":1,"featured_media":16240,"comment_status":"closed","ping_status":"closed","sticky":false,"template":"","format":"image","meta":{"advanced_seo_description":"","jetpack_seo_html_title":"","jetpack_seo_noindex":false,"_jetpack_memberships_contains_paid_content":false,"footnotes":""},"categories":[15,4],"tags":[],"class_list":["post-16239","post","type-post","status-publish","format-image","has-post-thumbnail","hentry","category-bac-winter-edition","category-pittura-painting","post_format-post-format-image"],"jetpack_featured_media_url":"https:\/\/artcontest.biancoscuro.it\/site\/wp-content\/uploads\/2022\/02\/la-forza-della-vita-che-rinasce.jpg","jetpack_sharing_enabled":true,"jetpack_likes_enabled":false,"_links":{"self":[{"href":"https:\/\/artcontest.biancoscuro.it\/site\/wp-json\/wp\/v2\/posts\/16239","targetHints":{"allow":["GET"]}}],"collection":[{"href":"https:\/\/artcontest.biancoscuro.it\/site\/wp-json\/wp\/v2\/posts"}],"about":[{"href":"https:\/\/artcontest.biancoscuro.it\/site\/wp-json\/wp\/v2\/types\/post"}],"author":[{"embeddable":true,"href":"https:\/\/artcontest.biancoscuro.it\/site\/wp-json\/wp\/v2\/users\/1"}],"replies":[{"embeddable":true,"href":"https:\/\/artcontest.biancoscuro.it\/site\/wp-json\/wp\/v2\/comments?post=16239"}],"version-history":[{"count":1,"href":"https:\/\/artcontest.biancoscuro.it\/site\/wp-json\/wp\/v2\/posts\/16239\/revisions"}],"predecessor-version":[{"id":16241,"href":"https:\/\/artcontest.biancoscuro.it\/site\/wp-json\/wp\/v2\/posts\/16239\/revisions\/16241"}],"wp:featuredmedia":[{"embeddable":true,"href":"https:\/\/artcontest.biancoscuro.it\/site\/wp-json\/wp\/v2\/media\/16240"}],"wp:attachment":[{"href":"https:\/\/artcontest.biancoscuro.it\/site\/wp-json\/wp\/v2\/media?parent=16239"}],"wp:term":[{"taxonomy":"category","embeddable":true,"href":"https:\/\/artcontest.biancoscuro.it\/site\/wp-json\/wp\/v2\/categories?post=16239"},{"taxonomy":"post_tag","embeddable":true,"href":"https:\/\/artcontest.biancoscuro.it\/site\/wp-json\/wp\/v2\/tags?post=16239"}],"curies":[{"name":"wp","href":"https:\/\/api.w.org\/{rel}","templated":true}]}}