{"id":16266,"date":"2022-02-21T19:18:20","date_gmt":"2022-02-21T18:18:20","guid":{"rendered":"https:\/\/artcontest.biancoscuro.it\/site\/?p=16266"},"modified":"2022-02-21T19:18:21","modified_gmt":"2022-02-21T18:18:21","slug":"anna-bracco-2","status":"publish","type":"post","link":"https:\/\/artcontest.biancoscuro.it\/site\/anna-bracco-2\/","title":{"rendered":"Anna Bracco"},"content":{"rendered":"\n<figure class=\"wp-block-image\"><img loading=\"lazy\" decoding=\"async\" width=\"500\" height=\"22\" src=\"http:\/\/artcontest.biancoscuro.it\/site\/wp-content\/uploads\/2015\/03\/linette1.jpg\" alt=\".......\" class=\"wp-image-1001\" srcset=\"https:\/\/artcontest.biancoscuro.it\/site\/wp-content\/uploads\/2015\/03\/linette1.jpg 500w, https:\/\/artcontest.biancoscuro.it\/site\/wp-content\/uploads\/2015\/03\/linette1-300x13.jpg 300w\" sizes=\"auto, (max-width: 500px) 100vw, 500px\" \/><\/figure>\n\n\n\n<p>Reve<br>2021<br>Installazione : scatola di legno, radiografia, plexiglass opaco, luci led<br>50&#215;37 cm.<\/p>\n\n\n\n<p><strong>Anna Bracco<\/strong> <em>(Bari, Italy &#8211; 1961)<\/em>, ha conseguito il diploma di Maestro d\u2019Arte sezione Ceramica presso l\u2019Istituto Statale d\u2019Arte di Bari. Si diploma presso l\u2019Accademia di Belle Arti della sua citt\u00e0, sezione pittura sotto la guida del Maestro Michele Depalma ha frequentato un Corso di Restauro Dipinti in Tela \u201cDOMUS AUREA\u201d di Bari ed un corso di operatrice in Tecniche del Restauro Lapideo.<br>Partecipa alla vita artistica dal 1982, ha esposto in manifestazioni nazionali e regionali, ottenendo premi e riconoscimenti. Attualmente insegna Design (laboratorio ceramica) presso il Liceo Artistico \u201cSacro Cuore\u201d di Cerignola (FG). Attualmente vive e lavora a Bari presso il suo studio in via S.Lioce n.80<\/p>\n\n\n\n<blockquote class=\"wp-block-quote is-layout-flow wp-block-quote-is-layout-flow\"><p><em>La dimensione del mio lavoro \u00e8 essenzialmente autobiografica, le mie opere sono visioni, sogni, ricordi del passato legate all&#8217;infanzia, rivissute in un&#8217;altra prospettiva. Tutto \u00e8 in connessione con il mio percorso esistenziale. Il concetto di dissolvenza \u00e8 fondamentale nella mia ricerca, in un mondo che continua invece incessantemente la ricerca e la presenza del reale, di ci\u00f2 che \u00e8 concreto e definito. La dissolvenza cattura e incuriosisce proprio perch\u00e8 indefinita, fuggente e non legata a concetti e formule \u00e8 libera. Utilizzo radiografie perch\u00e8 sono attratta da quelle immagini alternate da spazi di luce e quella luce mi spinge a vedere il tutto come una sorta di corpo spirituale, l&#8217;accesso a una dimensione che va oltre, al di l\u00e0 della materia.<\/em><\/p><cite><strong><em>Anna Bracco<\/em><\/strong><\/cite><\/blockquote>\n\n\n\n<p><strong>MOSTRE PERSONALI<\/strong><br><em>Anno 2001<\/em> Double Face , studio Gennai PISA<br><em>1999<\/em> Mostra personale Museonuovaera , Bari \u201cOltre il Punto di fuga<\/p>\n\n\n\n<p><strong>MOSTRE COLLETTIVE<\/strong><br>2021 PARATISSIMA Nice &amp; Fair FAMILY PORTRAIT<br>2021 LUXEMBOURG ART PRIZE<br>Premio Arte Laguna concorso internazionale<br>Premio Guglielmo II (Selezionata)<br>Anno 2002, Oltre il Giardino, villa Romanazzi Bari<\/p>\n\n\n\n<p><strong>Facebook<\/strong>: Anna Bracco<br><strong>Instagram<\/strong>: @bracco1959<\/p>\n\n\n\n<figure class=\"wp-block-image\"><a href=\"http:\/\/artcontest.biancoscuro.it\/site\/wp-content\/uploads\/2015\/03\/linette2.jpg\"><img loading=\"lazy\" decoding=\"async\" width=\"500\" height=\"21\" src=\"http:\/\/artcontest.biancoscuro.it\/site\/wp-content\/uploads\/2015\/03\/linette2.jpg\" alt=\".......\" class=\"wp-image-1000\" srcset=\"https:\/\/artcontest.biancoscuro.it\/site\/wp-content\/uploads\/2015\/03\/linette2.jpg 500w, https:\/\/artcontest.biancoscuro.it\/site\/wp-content\/uploads\/2015\/03\/linette2-300x13.jpg 300w\" sizes=\"auto, (max-width: 500px) 100vw, 500px\" \/><\/a><\/figure>\n\n\n\n<p><strong>Vote for this artwork!<\/strong>&nbsp;Follow Biancoscuro Art Contest on&nbsp;<a rel=\"noreferrer noopener\" href=\"https:\/\/www.facebook.com\/artcontest.biancoscuro\" target=\"_blank\"><strong>Facebook<\/strong><\/a>&nbsp;and&nbsp;<a rel=\"noreferrer noopener\" href=\"https:\/\/www.instagram.com\/biancoscuroartcontest\/\" target=\"_blank\"><strong>Instagram<\/strong><\/a> then click <strong>like!<\/strong><br><strong>Vota questa opera!&nbsp;<\/strong>Segui Biancoscuro Art Contest su <strong><a rel=\"noreferrer noopener\" href=\"https:\/\/www.facebook.com\/artcontest.biancoscuro\" target=\"_blank\">Facebook<\/a>&nbsp;e <\/strong><a rel=\"noreferrer noopener\" href=\"https:\/\/www.instagram.com\/biancoscuroartcontest\/\" target=\"_blank\"><strong>Instagram&nbsp;<\/strong><\/a>quindi clicca <strong>like<\/strong><\/p>\n\n\n\n<figure class=\"wp-block-image size-medium\"><a href=\"https:\/\/artcontest.biancoscuro.it\/site\/wp-content\/uploads\/2022\/02\/Bracco-Anna-opera-REVE.jpg\"><img loading=\"lazy\" decoding=\"async\" width=\"300\" height=\"225\" src=\"https:\/\/artcontest.biancoscuro.it\/site\/wp-content\/uploads\/2022\/02\/Bracco-Anna-opera-REVE-300x225.jpg\" alt=\"\" class=\"wp-image-16254\" srcset=\"https:\/\/artcontest.biancoscuro.it\/site\/wp-content\/uploads\/2022\/02\/Bracco-Anna-opera-REVE-300x225.jpg 300w, https:\/\/artcontest.biancoscuro.it\/site\/wp-content\/uploads\/2022\/02\/Bracco-Anna-opera-REVE-768x576.jpg 768w, https:\/\/artcontest.biancoscuro.it\/site\/wp-content\/uploads\/2022\/02\/Bracco-Anna-opera-REVE-450x337.jpg 450w, https:\/\/artcontest.biancoscuro.it\/site\/wp-content\/uploads\/2022\/02\/Bracco-Anna-opera-REVE-600x450.jpg 600w, https:\/\/artcontest.biancoscuro.it\/site\/wp-content\/uploads\/2022\/02\/Bracco-Anna-opera-REVE.jpg 999w\" sizes=\"auto, (max-width: 300px) 100vw, 300px\" \/><\/a><\/figure>\n","protected":false},"excerpt":{"rendered":"<p>Reve2021Installazione : scatola di legno, radiografia, plexiglass opaco, luci led50&#215;37 cm. Anna Bracco (Bari, Italy &#8211; 1961), ha conseguito il diploma di Maestro d\u2019Arte sezione Ceramica presso l\u2019Istituto Statale d\u2019Arte<a href=\"https:\/\/artcontest.biancoscuro.it\/site\/anna-bracco-2\/\">&#8230;Read More<\/a><\/p>\n","protected":false},"author":1,"featured_media":16254,"comment_status":"closed","ping_status":"closed","sticky":false,"template":"","format":"image","meta":{"advanced_seo_description":"","jetpack_seo_html_title":"","jetpack_seo_noindex":false,"_jetpack_memberships_contains_paid_content":false,"footnotes":""},"categories":[15,5],"tags":[],"class_list":["post-16266","post","type-post","status-publish","format-image","has-post-thumbnail","hentry","category-bac-winter-edition","category-scultura-sculpture","post_format-post-format-image"],"jetpack_featured_media_url":"https:\/\/artcontest.biancoscuro.it\/site\/wp-content\/uploads\/2022\/02\/Bracco-Anna-opera-REVE.jpg","jetpack_sharing_enabled":true,"jetpack_likes_enabled":false,"_links":{"self":[{"href":"https:\/\/artcontest.biancoscuro.it\/site\/wp-json\/wp\/v2\/posts\/16266","targetHints":{"allow":["GET"]}}],"collection":[{"href":"https:\/\/artcontest.biancoscuro.it\/site\/wp-json\/wp\/v2\/posts"}],"about":[{"href":"https:\/\/artcontest.biancoscuro.it\/site\/wp-json\/wp\/v2\/types\/post"}],"author":[{"embeddable":true,"href":"https:\/\/artcontest.biancoscuro.it\/site\/wp-json\/wp\/v2\/users\/1"}],"replies":[{"embeddable":true,"href":"https:\/\/artcontest.biancoscuro.it\/site\/wp-json\/wp\/v2\/comments?post=16266"}],"version-history":[{"count":1,"href":"https:\/\/artcontest.biancoscuro.it\/site\/wp-json\/wp\/v2\/posts\/16266\/revisions"}],"predecessor-version":[{"id":16269,"href":"https:\/\/artcontest.biancoscuro.it\/site\/wp-json\/wp\/v2\/posts\/16266\/revisions\/16269"}],"wp:featuredmedia":[{"embeddable":true,"href":"https:\/\/artcontest.biancoscuro.it\/site\/wp-json\/wp\/v2\/media\/16254"}],"wp:attachment":[{"href":"https:\/\/artcontest.biancoscuro.it\/site\/wp-json\/wp\/v2\/media?parent=16266"}],"wp:term":[{"taxonomy":"category","embeddable":true,"href":"https:\/\/artcontest.biancoscuro.it\/site\/wp-json\/wp\/v2\/categories?post=16266"},{"taxonomy":"post_tag","embeddable":true,"href":"https:\/\/artcontest.biancoscuro.it\/site\/wp-json\/wp\/v2\/tags?post=16266"}],"curies":[{"name":"wp","href":"https:\/\/api.w.org\/{rel}","templated":true}]}}