{"id":16334,"date":"2022-05-01T11:11:00","date_gmt":"2022-05-01T10:11:00","guid":{"rendered":"https:\/\/artcontest.biancoscuro.it\/site\/?p=16334"},"modified":"2026-04-30T17:52:48","modified_gmt":"2026-04-30T15:52:48","slug":"biancoscuro-art-contest-9a-edizione","status":"publish","type":"post","link":"https:\/\/artcontest.biancoscuro.it\/site\/biancoscuro-art-contest-9a-edizione\/","title":{"rendered":"BIANCOSCURO Art Contest 9\u00aa edizione"},"content":{"rendered":"\n<h4 class=\"wp-block-heading\">In palio&nbsp;la <strong>COPERTINA<\/strong> sul bimestrale, esposizioni&nbsp;a <strong>Monte-Carlo<\/strong>&nbsp;nel Principato di Monaco, <strong>Montreux<\/strong> (Svizzera),&nbsp;<strong>Marbella<\/strong> (Spagna),&nbsp;Innsbruck (Austria) <strong>Varese<\/strong>&nbsp;e Parma (Italia), premiazione&nbsp;a settembre a Milano (Italia)!<\/h4>\n\n\n\n<h3 class=\"wp-block-heading\"><strong>Inoltre Premio Speciale <strong>BAC<\/strong><\/strong> &#8211; <strong>collezione BIANCOSCURO: 3.000,00 \u20ac<\/strong><\/h3>\n\n\n\n<p><strong><a href=\"https:\/\/artcontest.biancoscuro.it\/\" target=\"_blank\" rel=\"noreferrer noopener\">BIANCOSCURO Art Contest<\/a><\/strong>, il&nbsp;contest ideato da <strong>BIANCOSCURO<\/strong>&nbsp;per&nbsp;opere pittoriche, scultoree, fotografiche, video, grafiche e performance, \u00e8&nbsp;giunto con successo alla nona edizione. Il concorso d\u00e0&nbsp;la&nbsp;possibilit\u00e0 di essere \u201c<strong>in prima pagina<\/strong>\u201d o esporre le proprie opere nella principesca <strong>Monte-Carlo<\/strong>, nella splendida cornice&nbsp;di <strong>Montreux, in Svizzera <\/strong>o nell\u2019incantevole citt\u00e0 di<strong> Marbella in Spagna<\/strong> o nel capoluogo alpino di <strong>Innsbruck in Austria<\/strong>. <\/p>\n\n\n\n<p>Anche quest&#8217;anno \u00e8 previsto il <strong>Premio Speciale BAC del valore complessivo di 3.000,00 \u20ac<\/strong> dove due opere entreranno a far parte della collezione <strong>BIANCOSCURO<\/strong>, di conseguenza verranno pubblicate su cataloghi di importanza internazionale insieme ad artisti storicizzanti ed esposta in musei, istituzione ed importanti eventi artistici. (Tutte le altre opere partecipanti, comprese le opere vincitrici delle altre sezioni, resteranno di propriet\u00e0 degli artisti).<\/p>\n\n\n\n<p>Tra&nbsp;i premi anche l\u2019esposizione presso la fiera d&#8217;arte internazionale <strong>ART Innsbruck<\/strong>  e l\u2019esposizione ad <strong>Art Parma<\/strong>, evento che, in concomitanza con il &#8220;Mercante in Fiera&#8221;, attira migliaia di visitatori da tutta europa.<br>La&nbsp;giuria BIANCOSCURO&nbsp;<strong>premier\u00e0 gli artisti<\/strong>&nbsp;che hanno saputo distinguersi. I premi in palio sono 48 e grazie agli sponsor il montepremi \u00e8 di oltre 60.000 \u20ac <\/p>\n\n\n\n<figure class=\"wp-block-image alignnone\"><a href=\"http:\/\/artcontest.biancoscuro.it\/site\/iscrizione-online-registration\/\" target=\"_blank\" rel=\"noopener\"><img decoding=\"async\" src=\"https:\/\/www.biancoscuro.it\/site\/wp-content\/uploads\/2014\/02\/LogoBAC2016-1000px.jpg\" alt=\"biancoscuro art contest\"\/><\/a><figcaption>BIANCOSCURO ART CONTEST<\/figcaption><\/figure>\n\n\n\n<h3 class=\"wp-block-heading\"> <a aria-label=\" (apre in una nuova scheda)\" href=\"https:\/\/artcontest.biancoscuro.it\/site\/iscrizione-online-registration\/\" target=\"_blank\" rel=\"noreferrer noopener\">Iscriviti subito &nbsp;al&nbsp;BIANCOSCURO Art Contest 9\u00aa edizione!<\/a><\/h3>\n\n\n\n<p>La giuria <strong>BIANCOSCURO<\/strong> \u00e8 composta da:<\/p>\n\n\n\n<ul class=\"wp-block-list\"><li><strong>Vincenzo Chetta<\/strong>&nbsp;&#8211; Direttore della Rivista d\u2019Arte&nbsp;<strong>Biancoscuro<\/strong>;<\/li><li><strong>Daniela Malabaila<\/strong>&nbsp;&#8211;&nbsp;Caporedattrice Biancoscuro Rivista d\u2019Arte;<\/li><li><strong>Gianni Cella<\/strong> &#8211; Artista di fama internazionale e docente&nbsp;presso l&#8217;Accademia di Belle Arti di Brera (Milano)<\/li><li><strong>Francesco De Molfetta<\/strong> &#8211; Noto scultore e docente presso la storica Societ\u00e0 Umanitaria &#8211; Milano;<\/li><li><strong>Franco&nbsp;Crugnola<\/strong>&nbsp;titolare e curatore della <strong>Showcases Gallery<\/strong> di Varese;<\/li><li><strong>Elena Cicchetti<\/strong>&nbsp;Presidente dell\u2019Associazione&nbsp;<strong>Art in The World<\/strong>;<\/li><li><strong>Salvatore Mainardi<\/strong>&nbsp;Corrispondente estero per <strong>BIANCOSCURO<\/strong>&nbsp;in Svizzera e Gallerista presso&nbsp;<strong>MainArt \u2013 Zurich<\/strong>;<\/li><li><strong>Isabella Rigamonti&nbsp;<\/strong>Architetto,&nbsp;redazione&nbsp;<strong>BIANCOSCURO<\/strong>&nbsp;Rivista d\u2019Arte;<\/li><li><strong>Mario Gambatesa&nbsp;<\/strong>Critico d\u2019Arte, redazione <strong>BIANCOSCURO<\/strong>&nbsp;Rivista d\u2019Arte;<\/li><li><strong>Lucia&nbsp;Garnero<\/strong>&nbsp;Architetto,&nbsp;redazione&nbsp;<strong>BIANCOSCURO<\/strong>&nbsp;Rivista d\u2019Arte.<\/li><\/ul>\n\n\n\n<figure><iframe loading=\"lazy\" src=\"https:\/\/indd.adobe.com\/embed\/a1439cee-9ca9-430f-a288-680269bc7105?startpage=1&amp;allowFullscreen=true\" allowfullscreen=\"allowfullscreen\" width=\"1000px\" height=\"708px\"><\/iframe><\/figure>\n\n\n\n<h4 class=\"wp-block-heading\"><strong>BIANCOSCURO Art Contest, <a href=\"https:\/\/artcontest.biancoscuro.it\/site\/iscrizione-online-registration\/\" target=\"_blank\" rel=\"noreferrer noopener\" aria-label=\"il tema \u00e8 libero, partecipare \u00e8 semplice! (apre in una nuova scheda)\">il tema \u00e8 libero, partecipare \u00e8 semplice!<\/a><\/strong><\/h4>\n\n\n\n<p>In palio:&nbsp;<strong>Premi speciale BAC<\/strong> \u2013 <strong>Collezione BIANCOSCURO<\/strong> (valore complessivo di 3.000,00 \u20ac),<strong>&nbsp;Copertine sulla Rivista d\u2019Arte BIANCOSCURO<\/strong>;<strong>&nbsp;Pubblicazioni redazionali<\/strong> <strong>sulla Rivista<\/strong> <strong>BIANCOSCURO,&nbsp;Esposizioni fisiche ad ART Innsbruck \u2013 Austria,&nbsp;Esposizioni <strong>fisiche<\/strong> ad Art Parma Fair \u2013 Italia<\/strong>,&nbsp;<strong>Premi NFT<\/strong> (realizzazione \/ animazione \/ conversione dell\u2019opera fisica in NFT e successiva messa in vendita sul marketplace)ed <strong>eBook personali condivisibili sui social&nbsp;<\/strong>con possibilit\u00e0 di stampa.<\/p>\n\n\n\n<p><strong>Cerimonia&nbsp;Ufficiale di Premiazione il 17 settembre 2022 al Grand Visconti Palace di Milano<\/strong>.<\/p>\n\n\n\n<p>\u00c8 previsto inoltre l&#8217;<strong>Attestato di partecipazione<\/strong> e la&nbsp;<strong>pubblicazione di tutte le opere<\/strong> in concorso,&nbsp;sul <strong>sito dedicato&nbsp;<a href=\"https:\/\/artcontest.biancoscuro.it\/site\/\" target=\"_blank\" rel=\"noreferrer noopener\">artcontest.biancoscuro.it<\/a><\/strong><br>Del BIANCOSCURO Art Contest verr\u00e0 realizzato un catalogo con tutte le opere iscritte, e la pubblicazione delle opere vincitrici sulla&nbsp;Rivista d\u2019Arte BIANCOSCURO. <\/p>\n\n\n\n<p>\u00c8 previsto anche un <strong>premio giuria popolare<\/strong>, i primi artisti che per ogni categoria riceveranno maggiori consensi sui social, vinceranno la <strong>realizzazione creativa di un eBook digitale<\/strong> composto da 40 pagine, in formato A4 (210\u00d7297 cm) oppure A5 (148\u00d7210 cm). <strong>Questo ebook sar\u00e0 fornito in formato digitale e<\/strong>&nbsp;sar\u00e0 condiviso sul nostro&nbsp;sul sito ufficiale&nbsp;<a href=\"http:\/\/www.biancoscuro.it\/\" target=\"_blank\" rel=\"noreferrer noopener\">www.biancoscuro.it<\/a>.&nbsp;<a href=\"http:\/\/biancoscuro.liberementi.it\/site\/tariffe\/\" target=\"_blank\" rel=\"noreferrer noopener\">Maggiori info sull\u2019eBook a questa pagina<\/a>. Ricordiamo che, a seconda della necessit\u00e0, l\u2019ebook potr\u00e0 essere stampato oppure semplicemente condiviso sui social network. <\/p>\n\n\n\n<h4 class=\"wp-block-heading\"><strong>Cosa aspetti? <\/strong>il prossimo artista sulla copertina di BIANCOSCURO Rivista d\u2019Arte<strong> potresti essere proprio tu!&nbsp;<\/strong><a rel=\"noreferrer noopener\" href=\"http:\/\/artcontest.biancoscuro.it\/site\/iscrizione-online-registration\/\" target=\"_blank\">Iscriviti subito, <strong>clicca qui!<\/strong><\/a><\/h4>\n\n\n\n<figure class=\"wp-block-image size-large\"><a href=\"https:\/\/artcontest.biancoscuro.it\/site\/wp-content\/uploads\/2020\/10\/IMG-20200918-WA0032-COLORI_MOD999.jpg\"><img loading=\"lazy\" decoding=\"async\" width=\"999\" height=\"666\" src=\"https:\/\/artcontest.biancoscuro.it\/site\/wp-content\/uploads\/2020\/10\/IMG-20200918-WA0032-COLORI_MOD999.jpg\" alt=\"\" class=\"wp-image-13020\" srcset=\"https:\/\/artcontest.biancoscuro.it\/site\/wp-content\/uploads\/2020\/10\/IMG-20200918-WA0032-COLORI_MOD999.jpg 999w, https:\/\/artcontest.biancoscuro.it\/site\/wp-content\/uploads\/2020\/10\/IMG-20200918-WA0032-COLORI_MOD999-300x200.jpg 300w, https:\/\/artcontest.biancoscuro.it\/site\/wp-content\/uploads\/2020\/10\/IMG-20200918-WA0032-COLORI_MOD999-768x512.jpg 768w, https:\/\/artcontest.biancoscuro.it\/site\/wp-content\/uploads\/2020\/10\/IMG-20200918-WA0032-COLORI_MOD999-450x300.jpg 450w, https:\/\/artcontest.biancoscuro.it\/site\/wp-content\/uploads\/2020\/10\/IMG-20200918-WA0032-COLORI_MOD999-600x400.jpg 600w\" sizes=\"auto, (max-width: 999px) 100vw, 999px\" \/><\/a><\/figure>\n\n\n\n<p><strong>Del BIANCOSCURO Art Contest<\/strong>, di tutti i suoi partecipanti e dei suoi vincitori verr\u00e0 dato ampio risalto <strong>sulla Rivista d\u2019Arte BIANCOSCURO<\/strong>, sul <strong>catalogo<\/strong> ufficiale, sul <strong>sito<\/strong> internet dedicato <a href=\"http:\/\/artcontest.biancoscuro.it\" target=\"_blank\" rel=\"noreferrer noopener\">artcontest.biancoscuro.it<\/a> sul sito ufficiale <a href=\"http:\/\/www.biancoscuro.it\" target=\"_blank\" rel=\"noreferrer noopener\">www.biancoscuro.it<\/a>, sulle nostre pagine <strong>Facebook<\/strong> <a href=\"http:\/\/www.facebook.com\/biancoscuroArtMagazine\" target=\"_blank\" rel=\"noreferrer noopener\">Facebook.com\/biancoscuroArtMagazine<\/a> e <a href=\"https:\/\/www.facebook.com\/artcontest.biancoscuro\" target=\"_blank\" rel=\"noreferrer noopener\">Facebook.com\/artcontest.biancoscuro<\/a>, sul nostro profilo <strong>Instagram<\/strong> <a href=\"https:\/\/www.facebook.com\/artcontest.biancoscuro\" target=\"_blank\" rel=\"noreferrer noopener\">Instagram.com\/biancoscuroartcontest<\/a> e sul nostro gruppo <a href=\"http:\/\/www.facebook.com\/groups\/biancoscuro\" target=\"_blank\" rel=\"noreferrer noopener\">Facebook.com\/groups\/biancoscuro<\/a><\/p>\n","protected":false},"excerpt":{"rendered":"<p>In palio&nbsp;la COPERTINA sul bimestrale, esposizioni&nbsp;a Monte-Carlo&nbsp;nel Principato di Monaco, Montreux (Svizzera),&nbsp;Marbella (Spagna),&nbsp;Innsbruck (Austria) Varese&nbsp;e Parma (Italia), premiazione&nbsp;a settembre a Milano (Italia)! Inoltre Premio Speciale BAC &#8211; collezione BIANCOSCURO: 3.000,00<a href=\"https:\/\/artcontest.biancoscuro.it\/site\/biancoscuro-art-contest-9a-edizione\/\">&#8230;Read More<\/a><\/p>\n","protected":false},"author":1,"featured_media":16356,"comment_status":"closed","ping_status":"closed","sticky":false,"template":"","format":"standard","meta":{"advanced_seo_description":"","jetpack_seo_html_title":"","jetpack_seo_noindex":false,"_jetpack_memberships_contains_paid_content":false,"footnotes":""},"categories":[505,10],"tags":[20,399,503,21,22],"class_list":["post-16334","post","type-post","status-publish","format-standard","has-post-thumbnail","hentry","category-bac-montecarlo-edition","category-biancoscuro","tag-bac","tag-bac-montecarlo-edition","tag-bac-montecarlo-edition-articles","tag-biancoscuro","tag-biancoscuro-art-contest"],"jetpack_featured_media_url":"https:\/\/artcontest.biancoscuro.it\/site\/wp-content\/uploads\/2022\/05\/ADV_BAC22_it2.jpg","jetpack_sharing_enabled":true,"jetpack_likes_enabled":false,"_links":{"self":[{"href":"https:\/\/artcontest.biancoscuro.it\/site\/wp-json\/wp\/v2\/posts\/16334","targetHints":{"allow":["GET"]}}],"collection":[{"href":"https:\/\/artcontest.biancoscuro.it\/site\/wp-json\/wp\/v2\/posts"}],"about":[{"href":"https:\/\/artcontest.biancoscuro.it\/site\/wp-json\/wp\/v2\/types\/post"}],"author":[{"embeddable":true,"href":"https:\/\/artcontest.biancoscuro.it\/site\/wp-json\/wp\/v2\/users\/1"}],"replies":[{"embeddable":true,"href":"https:\/\/artcontest.biancoscuro.it\/site\/wp-json\/wp\/v2\/comments?post=16334"}],"version-history":[{"count":4,"href":"https:\/\/artcontest.biancoscuro.it\/site\/wp-json\/wp\/v2\/posts\/16334\/revisions"}],"predecessor-version":[{"id":16646,"href":"https:\/\/artcontest.biancoscuro.it\/site\/wp-json\/wp\/v2\/posts\/16334\/revisions\/16646"}],"wp:featuredmedia":[{"embeddable":true,"href":"https:\/\/artcontest.biancoscuro.it\/site\/wp-json\/wp\/v2\/media\/16356"}],"wp:attachment":[{"href":"https:\/\/artcontest.biancoscuro.it\/site\/wp-json\/wp\/v2\/media?parent=16334"}],"wp:term":[{"taxonomy":"category","embeddable":true,"href":"https:\/\/artcontest.biancoscuro.it\/site\/wp-json\/wp\/v2\/categories?post=16334"},{"taxonomy":"post_tag","embeddable":true,"href":"https:\/\/artcontest.biancoscuro.it\/site\/wp-json\/wp\/v2\/tags?post=16334"}],"curies":[{"name":"wp","href":"https:\/\/api.w.org\/{rel}","templated":true}]}}