{"id":17624,"date":"2023-01-20T12:57:11","date_gmt":"2023-01-20T11:57:11","guid":{"rendered":"https:\/\/artcontest.biancoscuro.it\/site\/?p=17624"},"modified":"2023-01-20T12:57:13","modified_gmt":"2023-01-20T11:57:13","slug":"luigi-di-paolo","status":"publish","type":"post","link":"https:\/\/artcontest.biancoscuro.it\/site\/luigi-di-paolo\/","title":{"rendered":"Luigi Di Paolo"},"content":{"rendered":"\n<figure class=\"wp-block-image\"><img loading=\"lazy\" decoding=\"async\" width=\"500\" height=\"22\" src=\"http:\/\/artcontest.biancoscuro.it\/site\/wp-content\/uploads\/2015\/03\/linette1.jpg\" alt=\".......\" class=\"wp-image-1001\" srcset=\"https:\/\/artcontest.biancoscuro.it\/site\/wp-content\/uploads\/2015\/03\/linette1.jpg 500w, https:\/\/artcontest.biancoscuro.it\/site\/wp-content\/uploads\/2015\/03\/linette1-300x13.jpg 300w\" sizes=\"auto, (max-width: 500px) 100vw, 500px\" \/><\/figure>\n\n\n\n<p>Contatto<br>2022<br>olio su tela<br>90&#215;90 cm.<\/p>\n\n\n\n<p><em>L\u2019opera \u201cContatto\u201d tratta il tema della discriminazione razziale. Il dito di una donna di colore incontra quello di un uomo bianco e le loro mani reggono le fila di un universo popolato da mondi, che simboleggiano le razze umane, distanti tra loro, trascinandoli verso la speranza che, nell\u2019iper-globalizzazione di oggi, il \u201cdiverso da s\u00e9\u201d possa essere accettato per religione, cultura, costumi e idee politiche.<\/em><\/p>\n\n\n\n<p><strong>Luigi Di Paolo<\/strong> <em>(Chieti, Italy)<\/em>. La pittura \u00e8 ereditata dal gene della nobile arte del nonno, noto pittore degli anni sessanta. Seguendone la strada tracciata, con grande passione inizia a mettere il pennello sulla tela sin dall\u2019infanzia. Gli studi informatici lo distolgono dalla pittura. Si laurea in Scienze dell&#8217;Informazione all\u2019Universit\u00e0 di Pisa, svolge con dedizione la professione di insegnante, poi riprende a dipingere. La sua arte pu\u00f2 definirsi \u201cla rappresentazione di un sogno\u201d. Come i sogni, a volte nitidi, a volte sfocati, a volte privi di una localizzazione, cos\u00ec le opere nascono da una fantasia che si materializza in una pittura di studiata originalit\u00e0. Impressioni di realt\u00e0 e sprazzi di fantasia sono suggellate da forme vivamente colorate, vere protagoniste della tela. Ne consegue un progetto artistico ambizioso che coinvolge e seduce chiunque vi si trovi davanti.<\/p>\n\n\n\n<p><strong>Facebook<\/strong>: \/gigi.d.paolo<br><strong>Instagram<\/strong>: @gigidipaolo<br><strong>Web:<\/strong> ldpaolo.altervista.org<\/p>\n\n\n\n<figure class=\"wp-block-image\"><a href=\"http:\/\/artcontest.biancoscuro.it\/site\/wp-content\/uploads\/2015\/03\/linette2.jpg\"><img loading=\"lazy\" decoding=\"async\" width=\"500\" height=\"21\" src=\"http:\/\/artcontest.biancoscuro.it\/site\/wp-content\/uploads\/2015\/03\/linette2.jpg\" alt=\".......\" class=\"wp-image-1000\" srcset=\"https:\/\/artcontest.biancoscuro.it\/site\/wp-content\/uploads\/2015\/03\/linette2.jpg 500w, https:\/\/artcontest.biancoscuro.it\/site\/wp-content\/uploads\/2015\/03\/linette2-300x13.jpg 300w\" sizes=\"auto, (max-width: 500px) 100vw, 500px\" \/><\/a><\/figure>\n\n\n\n<p><strong>Vota questa opera!&nbsp;<\/strong>Segui <strong>Biancoscuro Art Contest<\/strong> su<strong> <\/strong><a href=\"https:\/\/www.instagram.com\/biancoscuroartcontest\/\" target=\"_blank\" rel=\"noreferrer noopener\"><strong>Instagram<\/strong><\/a><strong>&nbsp;<\/strong>e metti mi piace a <strong>Biancoscuro Art Contest<\/strong> su <strong><a href=\"https:\/\/www.facebook.com\/artcontest.biancoscuro\" target=\"_blank\" rel=\"noreferrer noopener\">Facebook<\/a><\/strong>. <br>Cerca la tua opera preferita e successivamente clicca <strong>LIKE<\/strong> o metti un <strong>CUORE<\/strong> per segnalare la tua preferenza. <strong>Il tuo voto contribuir\u00e0<\/strong> all&#8217;assegnazione del premio come giuria popolare.<\/p>\n\n\n\n<figure class=\"wp-block-image size-full is-resized\"><a href=\"https:\/\/artcontest.biancoscuro.it\/site\/wp-content\/uploads\/2023\/01\/DI-PAOLO-CONTATTO.jpg\" target=\"_blank\" rel=\"noreferrer noopener\"><img loading=\"lazy\" decoding=\"async\" src=\"https:\/\/artcontest.biancoscuro.it\/site\/wp-content\/uploads\/2023\/01\/DI-PAOLO-CONTATTO.jpg\" alt=\"\" class=\"wp-image-17603\" width=\"250\" height=\"250\" srcset=\"https:\/\/artcontest.biancoscuro.it\/site\/wp-content\/uploads\/2023\/01\/DI-PAOLO-CONTATTO.jpg 999w, https:\/\/artcontest.biancoscuro.it\/site\/wp-content\/uploads\/2023\/01\/DI-PAOLO-CONTATTO-300x300.jpg 300w, https:\/\/artcontest.biancoscuro.it\/site\/wp-content\/uploads\/2023\/01\/DI-PAOLO-CONTATTO-150x150.jpg 150w, https:\/\/artcontest.biancoscuro.it\/site\/wp-content\/uploads\/2023\/01\/DI-PAOLO-CONTATTO-768x768.jpg 768w, https:\/\/artcontest.biancoscuro.it\/site\/wp-content\/uploads\/2023\/01\/DI-PAOLO-CONTATTO-450x450.jpg 450w, https:\/\/artcontest.biancoscuro.it\/site\/wp-content\/uploads\/2023\/01\/DI-PAOLO-CONTATTO-600x600.jpg 600w\" sizes=\"auto, (max-width: 250px) 100vw, 250px\" \/><\/a><\/figure>\n","protected":false},"excerpt":{"rendered":"<p>Contatto2022olio su tela90&#215;90 cm. L\u2019opera \u201cContatto\u201d tratta il tema della discriminazione razziale. Il dito di una donna di colore incontra quello di un uomo bianco e le loro mani reggono<a href=\"https:\/\/artcontest.biancoscuro.it\/site\/luigi-di-paolo\/\">&#8230;Read More<\/a><\/p>\n","protected":false},"author":1,"featured_media":17603,"comment_status":"closed","ping_status":"closed","sticky":false,"template":"","format":"image","meta":{"advanced_seo_description":"","jetpack_seo_html_title":"","jetpack_seo_noindex":false,"_jetpack_memberships_contains_paid_content":false,"footnotes":""},"categories":[15,4],"tags":[],"class_list":["post-17624","post","type-post","status-publish","format-image","has-post-thumbnail","hentry","category-bac-winter-edition","category-pittura-painting","post_format-post-format-image"],"jetpack_featured_media_url":"https:\/\/artcontest.biancoscuro.it\/site\/wp-content\/uploads\/2023\/01\/DI-PAOLO-CONTATTO.jpg","jetpack_sharing_enabled":true,"jetpack_likes_enabled":false,"_links":{"self":[{"href":"https:\/\/artcontest.biancoscuro.it\/site\/wp-json\/wp\/v2\/posts\/17624","targetHints":{"allow":["GET"]}}],"collection":[{"href":"https:\/\/artcontest.biancoscuro.it\/site\/wp-json\/wp\/v2\/posts"}],"about":[{"href":"https:\/\/artcontest.biancoscuro.it\/site\/wp-json\/wp\/v2\/types\/post"}],"author":[{"embeddable":true,"href":"https:\/\/artcontest.biancoscuro.it\/site\/wp-json\/wp\/v2\/users\/1"}],"replies":[{"embeddable":true,"href":"https:\/\/artcontest.biancoscuro.it\/site\/wp-json\/wp\/v2\/comments?post=17624"}],"version-history":[{"count":1,"href":"https:\/\/artcontest.biancoscuro.it\/site\/wp-json\/wp\/v2\/posts\/17624\/revisions"}],"predecessor-version":[{"id":17625,"href":"https:\/\/artcontest.biancoscuro.it\/site\/wp-json\/wp\/v2\/posts\/17624\/revisions\/17625"}],"wp:featuredmedia":[{"embeddable":true,"href":"https:\/\/artcontest.biancoscuro.it\/site\/wp-json\/wp\/v2\/media\/17603"}],"wp:attachment":[{"href":"https:\/\/artcontest.biancoscuro.it\/site\/wp-json\/wp\/v2\/media?parent=17624"}],"wp:term":[{"taxonomy":"category","embeddable":true,"href":"https:\/\/artcontest.biancoscuro.it\/site\/wp-json\/wp\/v2\/categories?post=17624"},{"taxonomy":"post_tag","embeddable":true,"href":"https:\/\/artcontest.biancoscuro.it\/site\/wp-json\/wp\/v2\/tags?post=17624"}],"curies":[{"name":"wp","href":"https:\/\/api.w.org\/{rel}","templated":true}]}}