{"id":17986,"date":"2023-02-14T17:45:42","date_gmt":"2023-02-14T16:45:42","guid":{"rendered":"https:\/\/artcontest.biancoscuro.it\/site\/?p=17986"},"modified":"2023-02-14T17:45:44","modified_gmt":"2023-02-14T16:45:44","slug":"giuseppe-grieco-editordreams-4","status":"publish","type":"post","link":"https:\/\/artcontest.biancoscuro.it\/site\/giuseppe-grieco-editordreams-4\/","title":{"rendered":"Giuseppe Grieco &#8211; EditorDreams"},"content":{"rendered":"\n\n\n<figure class=\"wp-block-image\"><img loading=\"lazy\" decoding=\"async\" width=\"500\" height=\"22\" src=\"http:\/\/artcontest.biancoscuro.it\/site\/wp-content\/uploads\/2015\/03\/linette1.jpg\" alt=\".......\" class=\"wp-image-1001\" srcset=\"https:\/\/artcontest.biancoscuro.it\/site\/wp-content\/uploads\/2015\/03\/linette1.jpg 500w, https:\/\/artcontest.biancoscuro.it\/site\/wp-content\/uploads\/2015\/03\/linette1-300x13.jpg 300w\" sizes=\"auto, (max-width: 500px) 100vw, 500px\" \/><\/figure>\n\n\n\n<p>Stagioni in vela<br>2017<br>acrilico su tela<br>30&#215;30 cm.<\/p>\n\n\n\n<p><strong>Giuseppe Grieco &#8211; EditorDreams <\/strong><em>(Potenza, Italy &#8211; 1982)<\/em> <em>&#8220;Il recondito messaggio che ho inteso formulare relativamente alle mie rappresentazioni pittoriche \u00e8: L\u2019Arte dell\u2019assoluto e dell\u2019indefinito \u201caltrove\u201d che si compendia nella \u201crealt\u00e0 dell\u2019irrealt\u00e0 e nella irrealt\u00e0 della realt\u00e0\u201d come principale ed indefettibile legame dicotomico che unisce i comuni destini delle materiali ed immateriali creazioni. In modo da poter esprimere e documentare tutta la bellezza, lo splendore e la magnificenza di Architravi dell\u2019Universo Oniricamente e Futuristicamente ancora non definibili. Nuova Avanguardia Artistica. Presenza in Volumi e Riviste nazionali, europee ed internazionali di Arte Contemporanea. Mondadori 2021\/2022\/2023. Opere in Collezioni sia pubbliche che private. Premi, attestati, targhe, coppe, trofei e riconoscimenti da eminenti critici d\u2019Arte tra cui Sgarbi, Fusaro, Meluzzi ed altri: come gi\u00e0 definito: \u201cNuovo ponte di congiunzione tra Picasso e Kandinskij\u201d<\/em>.&#8221;<\/p>\n\n\n\n<p><br><strong>Web:<\/strong> www.editordreams.it<\/p>\n\n\n\n<figure class=\"wp-block-image\"><a href=\"http:\/\/artcontest.biancoscuro.it\/site\/wp-content\/uploads\/2015\/03\/linette2.jpg\"><img loading=\"lazy\" decoding=\"async\" width=\"500\" height=\"21\" src=\"http:\/\/artcontest.biancoscuro.it\/site\/wp-content\/uploads\/2015\/03\/linette2.jpg\" alt=\".......\" class=\"wp-image-1000\" srcset=\"https:\/\/artcontest.biancoscuro.it\/site\/wp-content\/uploads\/2015\/03\/linette2.jpg 500w, https:\/\/artcontest.biancoscuro.it\/site\/wp-content\/uploads\/2015\/03\/linette2-300x13.jpg 300w\" sizes=\"auto, (max-width: 500px) 100vw, 500px\" \/><\/a><\/figure>\n\n\n\n<p><strong>Vota questa opera!&nbsp;<\/strong>Segui <strong>Biancoscuro Art Contest<\/strong> su<strong> <\/strong><a href=\"https:\/\/www.instagram.com\/biancoscuroartcontest\/\" target=\"_blank\" rel=\"noreferrer noopener\"><strong>Instagram<\/strong><\/a><strong>&nbsp;<\/strong>e metti mi piace a <strong>Biancoscuro Art Contest<\/strong> su <strong><a href=\"https:\/\/www.facebook.com\/artcontest.biancoscuro\" target=\"_blank\" rel=\"noreferrer noopener\">Facebook<\/a><\/strong>. <br>Cerca la tua opera preferita e successivamente clicca <strong>LIKE<\/strong> o metti un <strong>CUORE<\/strong> per segnalare la tua preferenza. <strong>Il tuo voto contribuir\u00e0<\/strong> all&#8217;assegnazione del premio come giuria popolare.<\/p>\n\n\n\n<figure class=\"wp-block-image size-full is-resized\"><a href=\"https:\/\/artcontest.biancoscuro.it\/site\/wp-content\/uploads\/2023\/02\/STAGIONI-IN-VELA-Surreale-Figurativo-Acrilico-su-Tela-Cm-30x30-Anno-2017-Omaggio-a-Keith-Haring.jpg\" target=\"_blank\" rel=\"noreferrer noopener\"><img loading=\"lazy\" decoding=\"async\" src=\"https:\/\/artcontest.biancoscuro.it\/site\/wp-content\/uploads\/2023\/02\/STAGIONI-IN-VELA-Surreale-Figurativo-Acrilico-su-Tela-Cm-30x30-Anno-2017-Omaggio-a-Keith-Haring.jpg\" alt=\"\" class=\"wp-image-17987\" width=\"246\" height=\"250\" srcset=\"https:\/\/artcontest.biancoscuro.it\/site\/wp-content\/uploads\/2023\/02\/STAGIONI-IN-VELA-Surreale-Figurativo-Acrilico-su-Tela-Cm-30x30-Anno-2017-Omaggio-a-Keith-Haring.jpg 985w, https:\/\/artcontest.biancoscuro.it\/site\/wp-content\/uploads\/2023\/02\/STAGIONI-IN-VELA-Surreale-Figurativo-Acrilico-su-Tela-Cm-30x30-Anno-2017-Omaggio-a-Keith-Haring-296x300.jpg 296w, https:\/\/artcontest.biancoscuro.it\/site\/wp-content\/uploads\/2023\/02\/STAGIONI-IN-VELA-Surreale-Figurativo-Acrilico-su-Tela-Cm-30x30-Anno-2017-Omaggio-a-Keith-Haring-768x779.jpg 768w, https:\/\/artcontest.biancoscuro.it\/site\/wp-content\/uploads\/2023\/02\/STAGIONI-IN-VELA-Surreale-Figurativo-Acrilico-su-Tela-Cm-30x30-Anno-2017-Omaggio-a-Keith-Haring-450x456.jpg 450w, https:\/\/artcontest.biancoscuro.it\/site\/wp-content\/uploads\/2023\/02\/STAGIONI-IN-VELA-Surreale-Figurativo-Acrilico-su-Tela-Cm-30x30-Anno-2017-Omaggio-a-Keith-Haring-600x609.jpg 600w\" sizes=\"auto, (max-width: 246px) 100vw, 246px\" \/><\/a><\/figure>\n","protected":false},"excerpt":{"rendered":"<p>Stagioni in vela2017acrilico su tela30&#215;30 cm. Giuseppe Grieco &#8211; EditorDreams (Potenza, Italy &#8211; 1982) &#8220;Il recondito messaggio che ho inteso formulare relativamente alle mie rappresentazioni pittoriche \u00e8: L\u2019Arte dell\u2019assoluto e<a href=\"https:\/\/artcontest.biancoscuro.it\/site\/giuseppe-grieco-editordreams-4\/\">&#8230;Read More<\/a><\/p>\n","protected":false},"author":1,"featured_media":17987,"comment_status":"closed","ping_status":"closed","sticky":false,"template":"","format":"image","meta":{"advanced_seo_description":"","jetpack_seo_html_title":"","jetpack_seo_noindex":false,"_jetpack_memberships_contains_paid_content":false,"footnotes":""},"categories":[15,4],"tags":[],"class_list":["post-17986","post","type-post","status-publish","format-image","has-post-thumbnail","hentry","category-bac-winter-edition","category-pittura-painting","post_format-post-format-image"],"jetpack_featured_media_url":"https:\/\/artcontest.biancoscuro.it\/site\/wp-content\/uploads\/2023\/02\/STAGIONI-IN-VELA-Surreale-Figurativo-Acrilico-su-Tela-Cm-30x30-Anno-2017-Omaggio-a-Keith-Haring.jpg","jetpack_sharing_enabled":true,"jetpack_likes_enabled":false,"_links":{"self":[{"href":"https:\/\/artcontest.biancoscuro.it\/site\/wp-json\/wp\/v2\/posts\/17986","targetHints":{"allow":["GET"]}}],"collection":[{"href":"https:\/\/artcontest.biancoscuro.it\/site\/wp-json\/wp\/v2\/posts"}],"about":[{"href":"https:\/\/artcontest.biancoscuro.it\/site\/wp-json\/wp\/v2\/types\/post"}],"author":[{"embeddable":true,"href":"https:\/\/artcontest.biancoscuro.it\/site\/wp-json\/wp\/v2\/users\/1"}],"replies":[{"embeddable":true,"href":"https:\/\/artcontest.biancoscuro.it\/site\/wp-json\/wp\/v2\/comments?post=17986"}],"version-history":[{"count":1,"href":"https:\/\/artcontest.biancoscuro.it\/site\/wp-json\/wp\/v2\/posts\/17986\/revisions"}],"predecessor-version":[{"id":17988,"href":"https:\/\/artcontest.biancoscuro.it\/site\/wp-json\/wp\/v2\/posts\/17986\/revisions\/17988"}],"wp:featuredmedia":[{"embeddable":true,"href":"https:\/\/artcontest.biancoscuro.it\/site\/wp-json\/wp\/v2\/media\/17987"}],"wp:attachment":[{"href":"https:\/\/artcontest.biancoscuro.it\/site\/wp-json\/wp\/v2\/media?parent=17986"}],"wp:term":[{"taxonomy":"category","embeddable":true,"href":"https:\/\/artcontest.biancoscuro.it\/site\/wp-json\/wp\/v2\/categories?post=17986"},{"taxonomy":"post_tag","embeddable":true,"href":"https:\/\/artcontest.biancoscuro.it\/site\/wp-json\/wp\/v2\/tags?post=17986"}],"curies":[{"name":"wp","href":"https:\/\/api.w.org\/{rel}","templated":true}]}}