{"id":18157,"date":"2023-02-27T16:08:04","date_gmt":"2023-02-27T15:08:04","guid":{"rendered":"https:\/\/artcontest.biancoscuro.it\/site\/?p=18157"},"modified":"2023-02-27T16:08:06","modified_gmt":"2023-02-27T15:08:06","slug":"mathias-waske-2","status":"publish","type":"post","link":"https:\/\/artcontest.biancoscuro.it\/site\/mathias-waske-2\/","title":{"rendered":"Mathias Waske"},"content":{"rendered":"\n<figure class=\"wp-block-image\"><img loading=\"lazy\" decoding=\"async\" width=\"500\" height=\"22\" src=\"http:\/\/artcontest.biancoscuro.it\/site\/wp-content\/uploads\/2015\/03\/linette1.jpg\" alt=\".......\" class=\"wp-image-1001\" srcset=\"https:\/\/artcontest.biancoscuro.it\/site\/wp-content\/uploads\/2015\/03\/linette1.jpg 500w, https:\/\/artcontest.biancoscuro.it\/site\/wp-content\/uploads\/2015\/03\/linette1-300x13.jpg 300w\" sizes=\"auto, (max-width: 500px) 100vw, 500px\" \/><\/figure>\n\n\n\n<p>La Frileuse<br>2015<br>acrilico su tela<br>100&#215;150 cm.<\/p>\n\n\n\n<p><strong>Mathias Waske<\/strong> <em>(Crailsheim &#8211; W\u00fcrttemberg, Germany &#8211; 1944)<\/em>. \u00c8 cresciuto a Francoforte sul Meno. Dal 1962 al 1967 ha completato i suoi studi presso l&#8217;Universit\u00e0 Statale di Belle Arti di Francoforte sul Meno (Prof. Burkhardt, Prof. Schreiter), successivamente ha viaggiato a Firenze e Venezia. Dal 1968 fino alla sua morte nel 2017 l&#8217;artista e sua moglie Tina hanno vissuto e lavorato tra Monaco e il sud della Francia.<br>I suoi dipinti farseschi rivelano le opinioni sociali critiche ma giocose dell&#8217;artista. Ogni opera pu\u00f2 essere interpretata come una parodia delle banalit\u00e0 della vita. Le sue opere, che non devono essere prese troppo sul serio, ritraggono ironicamente sia i lati positivi che quelli negativi della vita e mostrano cos\u00ec accuratamente lo spirito dei tempi in cui viviamo in questo momento.<br>Rappresentante del realismo moderno Mathias Waske si \u00e8 affermato da tempo come un apprezzato artista contemporaneo. La sua originalit\u00e0, le sue idee umoristiche e il suo amore per i dettagli hanno reso Mathias Waske uno dei rappresentanti pi\u00f9 importanti e riconosciuti del realismo moderno. Una moltitudine di mostre e numerosi premi d&#8217;arte internazionali hanno riconosciuto il lavoro popolare di Waske durante la sua vita.<\/p>\n\n\n\n<p><strong>Instagram<\/strong>: @mathiaswaske<br><strong>Web:<\/strong> www.mathias-waske-art.de<\/p>\n\n\n\n<figure class=\"wp-block-image\"><a href=\"http:\/\/artcontest.biancoscuro.it\/site\/wp-content\/uploads\/2015\/03\/linette2.jpg\"><img loading=\"lazy\" decoding=\"async\" width=\"500\" height=\"21\" src=\"http:\/\/artcontest.biancoscuro.it\/site\/wp-content\/uploads\/2015\/03\/linette2.jpg\" alt=\".......\" class=\"wp-image-1000\" srcset=\"https:\/\/artcontest.biancoscuro.it\/site\/wp-content\/uploads\/2015\/03\/linette2.jpg 500w, https:\/\/artcontest.biancoscuro.it\/site\/wp-content\/uploads\/2015\/03\/linette2-300x13.jpg 300w\" sizes=\"auto, (max-width: 500px) 100vw, 500px\" \/><\/a><\/figure>\n\n\n\n<p><strong>Vota questa opera!&nbsp;<\/strong>Segui <strong>Biancoscuro Art Contest<\/strong> su<strong> <\/strong><a href=\"https:\/\/www.instagram.com\/biancoscuroartcontest\/\" target=\"_blank\" rel=\"noreferrer noopener\"><strong>Instagram<\/strong><\/a><strong>&nbsp;<\/strong>e metti mi piace a <strong>Biancoscuro Art Contest<\/strong> su <strong><a href=\"https:\/\/www.facebook.com\/artcontest.biancoscuro\" target=\"_blank\" rel=\"noreferrer noopener\">Facebook<\/a><\/strong>. <br>Cerca la tua opera preferita e successivamente clicca <strong>LIKE<\/strong> o metti un <strong>CUORE<\/strong> per segnalare la tua preferenza. <strong>Il tuo voto contribuir\u00e0<\/strong> all&#8217;assegnazione del premio come giuria popolare.<\/p>\n\n\n\n<figure class=\"wp-block-image size-full is-resized\"><a href=\"https:\/\/artcontest.biancoscuro.it\/site\/wp-content\/uploads\/2023\/02\/MathiasWaske_M_LaFrileuse_2015La-Frileuse-Acrylic-Polymer-on-Canvas-100-x-150-cm.jpg\" target=\"_blank\" rel=\"noreferrer noopener\"><img loading=\"lazy\" decoding=\"async\" src=\"https:\/\/artcontest.biancoscuro.it\/site\/wp-content\/uploads\/2023\/02\/MathiasWaske_M_LaFrileuse_2015La-Frileuse-Acrylic-Polymer-on-Canvas-100-x-150-cm.jpg\" alt=\"\" class=\"wp-image-18164\" width=\"256\" height=\"161\" srcset=\"https:\/\/artcontest.biancoscuro.it\/site\/wp-content\/uploads\/2023\/02\/MathiasWaske_M_LaFrileuse_2015La-Frileuse-Acrylic-Polymer-on-Canvas-100-x-150-cm.jpg 1024w, https:\/\/artcontest.biancoscuro.it\/site\/wp-content\/uploads\/2023\/02\/MathiasWaske_M_LaFrileuse_2015La-Frileuse-Acrylic-Polymer-on-Canvas-100-x-150-cm-300x188.jpg 300w, https:\/\/artcontest.biancoscuro.it\/site\/wp-content\/uploads\/2023\/02\/MathiasWaske_M_LaFrileuse_2015La-Frileuse-Acrylic-Polymer-on-Canvas-100-x-150-cm-768x482.jpg 768w, https:\/\/artcontest.biancoscuro.it\/site\/wp-content\/uploads\/2023\/02\/MathiasWaske_M_LaFrileuse_2015La-Frileuse-Acrylic-Polymer-on-Canvas-100-x-150-cm-450x282.jpg 450w, https:\/\/artcontest.biancoscuro.it\/site\/wp-content\/uploads\/2023\/02\/MathiasWaske_M_LaFrileuse_2015La-Frileuse-Acrylic-Polymer-on-Canvas-100-x-150-cm-600x376.jpg 600w\" sizes=\"auto, (max-width: 256px) 100vw, 256px\" \/><\/a><\/figure>\n","protected":false},"excerpt":{"rendered":"<p>La Frileuse2015acrilico su tela100&#215;150 cm. Mathias Waske (Crailsheim &#8211; W\u00fcrttemberg, Germany &#8211; 1944). \u00c8 cresciuto a Francoforte sul Meno. Dal 1962 al 1967 ha completato i suoi studi presso l&#8217;Universit\u00e0<a href=\"https:\/\/artcontest.biancoscuro.it\/site\/mathias-waske-2\/\">&#8230;Read More<\/a><\/p>\n","protected":false},"author":1,"featured_media":18164,"comment_status":"closed","ping_status":"closed","sticky":false,"template":"","format":"image","meta":{"advanced_seo_description":"","jetpack_seo_html_title":"","jetpack_seo_noindex":false,"_jetpack_memberships_contains_paid_content":false,"footnotes":""},"categories":[15,4],"tags":[],"class_list":["post-18157","post","type-post","status-publish","format-image","has-post-thumbnail","hentry","category-bac-winter-edition","category-pittura-painting","post_format-post-format-image"],"jetpack_featured_media_url":"https:\/\/artcontest.biancoscuro.it\/site\/wp-content\/uploads\/2023\/02\/MathiasWaske_M_LaFrileuse_2015La-Frileuse-Acrylic-Polymer-on-Canvas-100-x-150-cm.jpg","jetpack_sharing_enabled":true,"jetpack_likes_enabled":false,"_links":{"self":[{"href":"https:\/\/artcontest.biancoscuro.it\/site\/wp-json\/wp\/v2\/posts\/18157","targetHints":{"allow":["GET"]}}],"collection":[{"href":"https:\/\/artcontest.biancoscuro.it\/site\/wp-json\/wp\/v2\/posts"}],"about":[{"href":"https:\/\/artcontest.biancoscuro.it\/site\/wp-json\/wp\/v2\/types\/post"}],"author":[{"embeddable":true,"href":"https:\/\/artcontest.biancoscuro.it\/site\/wp-json\/wp\/v2\/users\/1"}],"replies":[{"embeddable":true,"href":"https:\/\/artcontest.biancoscuro.it\/site\/wp-json\/wp\/v2\/comments?post=18157"}],"version-history":[{"count":1,"href":"https:\/\/artcontest.biancoscuro.it\/site\/wp-json\/wp\/v2\/posts\/18157\/revisions"}],"predecessor-version":[{"id":18166,"href":"https:\/\/artcontest.biancoscuro.it\/site\/wp-json\/wp\/v2\/posts\/18157\/revisions\/18166"}],"wp:featuredmedia":[{"embeddable":true,"href":"https:\/\/artcontest.biancoscuro.it\/site\/wp-json\/wp\/v2\/media\/18164"}],"wp:attachment":[{"href":"https:\/\/artcontest.biancoscuro.it\/site\/wp-json\/wp\/v2\/media?parent=18157"}],"wp:term":[{"taxonomy":"category","embeddable":true,"href":"https:\/\/artcontest.biancoscuro.it\/site\/wp-json\/wp\/v2\/categories?post=18157"},{"taxonomy":"post_tag","embeddable":true,"href":"https:\/\/artcontest.biancoscuro.it\/site\/wp-json\/wp\/v2\/tags?post=18157"}],"curies":[{"name":"wp","href":"https:\/\/api.w.org\/{rel}","templated":true}]}}