{"id":18267,"date":"2023-05-01T18:33:18","date_gmt":"2023-05-01T17:33:18","guid":{"rendered":"https:\/\/artcontest.biancoscuro.it\/site\/?p=18267"},"modified":"2026-04-30T17:52:47","modified_gmt":"2026-04-30T15:52:47","slug":"biancoscuro-art-contest-10a-edizione","status":"publish","type":"post","link":"https:\/\/artcontest.biancoscuro.it\/site\/biancoscuro-art-contest-10a-edizione\/","title":{"rendered":"BIANCOSCURO Art Contest 10\u00aa edizione"},"content":{"rendered":"\n<h3 class=\"wp-block-heading\">10 anni di BIANCOSCURO Art Contest Monte-Carlo Edition!<\/h3>\n\n\n\n<p>In palio&nbsp;la <strong>COPERTINA<\/strong> sul bimestrale, esposizioni&nbsp;a <strong>Monte-Carlo<\/strong>&nbsp;(Principato di Monaco), <strong>Zurigo<\/strong> (Svizzera),&nbsp;<strong>Marbella<\/strong> (Spagna),&nbsp;<strong>Innsbruck<\/strong> (Austria)&nbsp;e <strong>Castello di Belgioioso<\/strong> (Italia), premiazione&nbsp;a settembre a <strong>Monte-Carlo<\/strong> (Principato di Monaco).<\/p>\n\n\n\n<p>Per il <strong>decimo anniversario<\/strong> <strong>BIANCOSCURO<\/strong> vuole omaggiare tutti gli artisti!<br>Tutti gli iscritti avranno diritto di partecipazione alla cerimonia di premiazione al <strong>Monte-Carlo Bay, nel Principato di Monaco<\/strong>, durante la quale riceveranno l\u2019attestazione ufficiale ed il il catalogo cartaceo con tutte le opere pubblicate. L\u2019attestato di partecipazione in formato diploma 30&#215;42 cm verr\u00e0 consegnato in diretta streaming storicizzando l&#8217;evento.<\/p>\n\n\n\n<p><strong><a href=\"https:\/\/artcontest.biancoscuro.it\/\" target=\"_blank\" rel=\"noreferrer noopener\">BIANCOSCURO Art Contest<\/a><\/strong>, il&nbsp;contest ideato da <strong>BIANCOSCURO<\/strong>&nbsp;per&nbsp;opere pittoriche, scultoree, fotografiche, video, grafiche e performance, \u00e8&nbsp;giunto con successo alla decima edizione. Il concorso d\u00e0&nbsp;la&nbsp;possibilit\u00e0 di essere \u201c<strong>in prima pagina<\/strong>\u201d o esporre le proprie opere nella principesca <strong>Monte-Carlo<\/strong>, nella splendida cornice&nbsp;di <strong>Zurigo, in Svizzera <\/strong>o nell\u2019incantevole citt\u00e0 di<strong> Marbella in Spagna<\/strong> o nel capoluogo alpino di <strong>Innsbruck in Austria<\/strong>. <\/p>\n\n\n\n<p>Anche quest&#8217;anno \u00e8 previsto il <strong>Premio Speciale BAC del valore complessivo di 3.000,00 \u20ac<\/strong> dove due opere entreranno a far parte della collezione <strong>BIANCOSCURO<\/strong>, di conseguenza verranno pubblicate su cataloghi di importanza internazionale insieme ad artisti storicizzanti ed esposta in musei, istituzione ed importanti eventi artistici. (Tutte le altre opere partecipanti, comprese le opere vincitrici delle altre sezioni, resteranno di propriet\u00e0 degli artisti).<\/p>\n\n\n\n<p>Tra&nbsp;i premi anche l\u2019esposizione presso la fiera d&#8217;arte internazionale di <strong>ART Monaco<\/strong>, <strong>ART Innsbruck<\/strong>  e l\u2019esposizione presso il prestigioso <strong>Castello di Belgioioso<\/strong>.<br>La&nbsp;giuria BIANCOSCURO&nbsp;<strong>premier\u00e0 a settembre, presso il Monte-Carlo Bay gli artisti<\/strong>&nbsp;migliori. I premi in palio sono 48 e grazie agli sponsor il montepremi \u00e8 di oltre 60.000 \u20ac <\/p>\n\n\n\n<figure class=\"wp-block-image alignnone\"><a href=\"http:\/\/artcontest.biancoscuro.it\/site\/iscrizione-online-registration\/\" target=\"_blank\" rel=\"noopener\"><img decoding=\"async\" src=\"https:\/\/www.biancoscuro.it\/site\/wp-content\/uploads\/2014\/02\/LogoBAC2016-1000px.jpg\" alt=\"biancoscuro art contest\"\/><\/a><figcaption class=\"wp-element-caption\">BIANCOSCURO ART CONTEST<\/figcaption><\/figure>\n\n\n\n<h3 class=\"wp-block-heading\"> <a aria-label=\" (apre in una nuova scheda)\" href=\"https:\/\/artcontest.biancoscuro.it\/site\/iscrizione-online-registration\/\" target=\"_blank\" rel=\"noreferrer noopener\">Iscriviti subito &nbsp;al&nbsp;BIANCOSCURO Art Contest 10\u00aa edizione!<\/a><\/h3>\n\n\n\n<p>La giuria <strong>BIANCOSCURO<\/strong> \u00e8 composta da:<\/p>\n\n\n\n<ul class=\"wp-block-list\">\n<li><strong>Vincenzo Chetta<\/strong>&nbsp;&#8211; Direttore della Rivista d\u2019Arte&nbsp;<strong>Biancoscuro<\/strong>;<\/li>\n\n\n\n<li><strong>Daniela Malabaila<\/strong>&nbsp;&#8211;&nbsp;Caporedattrice Biancoscuro Rivista d\u2019Arte;<\/li>\n\n\n\n<li><strong>Gianni Cella<\/strong> &#8211; Artista di fama internazionale e docente&nbsp;presso l&#8217;Accademia di Belle Arti di Brera (Milano)<\/li>\n\n\n\n<li><strong>Francesco De Molfetta<\/strong> &#8211; Noto scultore e docente presso la storica Societ\u00e0 Umanitaria &#8211; Milano;<\/li>\n\n\n\n<li><strong>Giuseppe Carnevale<\/strong>&nbsp;curatore della <strong>Excellence Art Gallery<\/strong> di Marbella;<\/li>\n\n\n\n<li><strong>Salvatore Mainardi<\/strong>&nbsp;Corrispondente estero per <strong>BIANCOSCURO<\/strong>&nbsp;in Svizzera e Gallerista presso&nbsp;<strong>MainArt \u2013 Zurich<\/strong>;<\/li>\n\n\n\n<li><strong>Franco&nbsp;Crugnola<\/strong>&nbsp;titolare della <strong>Showcases Gallery<\/strong> di Varese;<\/li>\n\n\n\n<li><strong>Isabella Rigamonti<\/strong> curatore della <strong>Showcases Gallery<\/strong> di Varese;<\/li>\n\n\n\n<li><strong>Mario Gambatesa&nbsp;<\/strong>Critico d\u2019Arte, redazione <strong>BIANCOSCURO<\/strong>&nbsp;Rivista d\u2019Arte;<\/li>\n\n\n\n<li><strong>Lucia&nbsp;Garnero<\/strong>&nbsp;Architetto,&nbsp;redazione&nbsp;<strong>BIANCOSCURO<\/strong>&nbsp;Rivista d\u2019Arte.<\/li>\n<\/ul>\n\n\n\n<figure><iframe loading=\"lazy\" src=\"https:\/\/indd.adobe.com\/embed\/a1439cee-9ca9-430f-a288-680269bc7105?startpage=1&amp;allowFullscreen=true\" allowfullscreen=\"allowfullscreen\" width=\"1000px\" height=\"708px\"><\/iframe><\/figure>\n\n\n\n<h4 class=\"wp-block-heading\"><strong>BIANCOSCURO Art Contest, <a aria-label=\"il tema \u00e8 libero, partecipare \u00e8 semplice! (apre in una nuova scheda)\" href=\"https:\/\/artcontest.biancoscuro.it\/site\/iscrizione-online-registration\/\" target=\"_blank\" rel=\"noreferrer noopener\">il tema \u00e8 libero, partecipare \u00e8 semplice!<\/a><\/strong><\/h4>\n\n\n\n<p>Per il <strong>decimo anniversario<\/strong> BIANCOSCURO vuole fare una sorpresa agli artisti conferendo a tutti gli artisti iscritti copia del catalogo ufficiale BIANCOSCURO Art Contest e Attestato di partecipazione, a Monte-Carlo durante la cerimonia ufficiale in diretta streaming, durante la quale tutte le opere iscritte verranno esposte sul maxi schermo del Principato di Monaco.<\/p>\n\n\n\n<p><em>Anche per il 2023 i premi in palio saranno:&nbsp;<\/em><br>i <strong>Premi speciale BAC<\/strong> \u2013 <strong>Collezione BIANCOSCURO<\/strong> (valore complessivo di 3.000,00 \u20ac)<br>le <strong>Copertine sulla Rivista d\u2019Arte BIANCOSCURO<\/strong>;<strong>&nbsp;<\/strong><br>le <strong>Pubblicazioni redazionali<\/strong> <strong>sulla Rivista<\/strong> <strong>BIANCOSCURO<\/strong>;<br>le <strong><strong>Esposizioni fisiche ad ART Monaco <\/strong><\/strong>\u2013<strong><strong> <\/strong><\/strong>Principato di Monaco;<br>le <strong>Esposizioni fisiche ad ART Innsbruck<\/strong> \u2013 Austria;<br>le <strong>Esposizioni <strong>fisiche<\/strong> al Castello di Belgioioso <\/strong>\u2013 Italia,&nbsp;<br>i <strong>Premi NFT<\/strong> (realizzazione \/ animazione \/ conversione dell\u2019opera fisica in NFT e successiva messa in vendita sul marketplace);<br><strong>eBook personali condivisibili sui social&nbsp;<\/strong>con possibilit\u00e0 di stampa.<\/p>\n\n\n\n<h2 class=\"wp-block-heading\"><strong>Cerimonia&nbsp;Ufficiale di Premiazione il 16 settembre 2023 al Monte-Carlo Bay nel principato di Monaco<\/strong>.<\/h2>\n\n\n\n<figure class=\"wp-block-image size-full\"><a href=\"https:\/\/artcontest.biancoscuro.it\/site\/wp-content\/uploads\/2017\/09\/13417529_1114092391987709_5528798051467892121_n.jpg\"><img loading=\"lazy\" decoding=\"async\" width=\"960\" height=\"543\" src=\"https:\/\/artcontest.biancoscuro.it\/site\/wp-content\/uploads\/2017\/09\/13417529_1114092391987709_5528798051467892121_n.jpg\" alt=\"\" class=\"wp-image-6072\" srcset=\"https:\/\/artcontest.biancoscuro.it\/site\/wp-content\/uploads\/2017\/09\/13417529_1114092391987709_5528798051467892121_n.jpg 960w, https:\/\/artcontest.biancoscuro.it\/site\/wp-content\/uploads\/2017\/09\/13417529_1114092391987709_5528798051467892121_n-300x170.jpg 300w, https:\/\/artcontest.biancoscuro.it\/site\/wp-content\/uploads\/2017\/09\/13417529_1114092391987709_5528798051467892121_n-768x434.jpg 768w\" sizes=\"auto, (max-width: 960px) 100vw, 960px\" \/><\/a><figcaption class=\"wp-element-caption\">16 settembre 2023 &#8211; Monte-Carlo Bay &#8211; Principato di Monaco<\/figcaption><\/figure>\n\n\n\n<hr class=\"wp-block-separator has-alpha-channel-opacity\"\/>\n\n\n\n<p>\u00c8 prevista inoltre la&nbsp;<strong>pubblicazione di tutte le opere<\/strong> in concorso sulla nostra pagina <em><strong>Facebook<\/strong> ufficiale <a href=\"https:\/\/www.facebook.com\/artcontest.biancoscuro\" target=\"_blank\" rel=\"noreferrer noopener\">Facebook.com\/artcontest.biancoscuro<\/a> e sul nostro profilo <strong>Instagram<\/strong> ufficiale <a href=\"https:\/\/www.facebook.com\/artcontest.biancoscuro\" target=\"_blank\" rel=\"noreferrer noopener\">Instagram.com\/biancoscuroartcontest<\/a><\/em> <strong>nonch\u00e8 sul nostro sito ufficiale: <a href=\"https:\/\/artcontest.biancoscuro.it\/site\/\" target=\"_blank\" rel=\"noreferrer noopener\">artcontest.biancoscuro.it<\/a><\/strong><br>Verr\u00e0 realizzato il catalogo <strong>BIANCOSCURO Art Contest<\/strong> dove verranno pubblicate tutte le opere iscritte.<\/p>\n\n\n\n<h4 class=\"wp-block-heading\"><strong>Cosa aspetti? <\/strong>il prossimo artista sulla copertina di BIANCOSCURO Rivista d\u2019Arte<strong> potresti essere proprio tu!&nbsp;<\/strong><a rel=\"noreferrer noopener\" href=\"http:\/\/artcontest.biancoscuro.it\/site\/iscrizione-online-registration\/\" target=\"_blank\">Iscriviti subito, <strong>clicca qui!<\/strong><\/a><\/h4>\n\n\n\n<p class=\"has-small-font-size\"><em><strong>Del BIANCOSCURO Art Contest<\/strong>, di tutti i suoi partecipanti e dei suoi vincitori verr\u00e0 dato ampio risalto <strong>sulla Rivista d\u2019Arte BIANCOSCURO<\/strong>, sul <strong>catalogo<\/strong> ufficiale, sul <strong>sito<\/strong> internet dedicato <a href=\"http:\/\/artcontest.biancoscuro.it\" target=\"_blank\" rel=\"noreferrer noopener\">artcontest.biancoscuro.it<\/a> sul sito ufficiale <a href=\"http:\/\/www.biancoscuro.it\" target=\"_blank\" rel=\"noreferrer noopener\">www.biancoscuro.it<\/a>, sulle nostre pagine <strong>Facebook<\/strong> <a href=\"http:\/\/www.facebook.com\/biancoscuroArtMagazine\" target=\"_blank\" rel=\"noreferrer noopener\">Facebook.com\/biancoscuroArtMagazine<\/a> e <a href=\"https:\/\/www.facebook.com\/artcontest.biancoscuro\" target=\"_blank\" rel=\"noreferrer noopener\">Facebook.com\/artcontest.biancoscuro<\/a>, sul nostro profilo <strong>Instagram<\/strong> <a href=\"https:\/\/www.facebook.com\/artcontest.biancoscuro\" target=\"_blank\" rel=\"noreferrer noopener\">Instagram.com\/biancoscuroartcontest<\/a> e sul nostro gruppo <a href=\"http:\/\/www.facebook.com\/groups\/biancoscuro\" target=\"_blank\" rel=\"noreferrer noopener\">Facebook.com\/groups\/biancoscuro<\/a><\/em><\/p>\n","protected":false},"excerpt":{"rendered":"<p>10 anni di BIANCOSCURO Art Contest Monte-Carlo Edition! In palio&nbsp;la COPERTINA sul bimestrale, esposizioni&nbsp;a Monte-Carlo&nbsp;(Principato di Monaco), Zurigo (Svizzera),&nbsp;Marbella (Spagna),&nbsp;Innsbruck (Austria)&nbsp;e Castello di Belgioioso (Italia), premiazione&nbsp;a settembre a Monte-Carlo (Principato<a href=\"https:\/\/artcontest.biancoscuro.it\/site\/biancoscuro-art-contest-10a-edizione\/\">&#8230;Read More<\/a><\/p>\n","protected":false},"author":1,"featured_media":18273,"comment_status":"closed","ping_status":"closed","sticky":false,"template":"","format":"standard","meta":{"advanced_seo_description":"","jetpack_seo_html_title":"","jetpack_seo_noindex":false,"_jetpack_memberships_contains_paid_content":false,"footnotes":""},"categories":[505,10],"tags":[20,399,503,21,22],"class_list":["post-18267","post","type-post","status-publish","format-standard","has-post-thumbnail","hentry","category-bac-montecarlo-edition","category-biancoscuro","tag-bac","tag-bac-montecarlo-edition","tag-bac-montecarlo-edition-articles","tag-biancoscuro","tag-biancoscuro-art-contest"],"jetpack_featured_media_url":"https:\/\/artcontest.biancoscuro.it\/site\/wp-content\/uploads\/2023\/05\/ADV_BAC23_it23-IG-10anniLOW.jpg","jetpack_sharing_enabled":true,"jetpack_likes_enabled":false,"_links":{"self":[{"href":"https:\/\/artcontest.biancoscuro.it\/site\/wp-json\/wp\/v2\/posts\/18267","targetHints":{"allow":["GET"]}}],"collection":[{"href":"https:\/\/artcontest.biancoscuro.it\/site\/wp-json\/wp\/v2\/posts"}],"about":[{"href":"https:\/\/artcontest.biancoscuro.it\/site\/wp-json\/wp\/v2\/types\/post"}],"author":[{"embeddable":true,"href":"https:\/\/artcontest.biancoscuro.it\/site\/wp-json\/wp\/v2\/users\/1"}],"replies":[{"embeddable":true,"href":"https:\/\/artcontest.biancoscuro.it\/site\/wp-json\/wp\/v2\/comments?post=18267"}],"version-history":[{"count":4,"href":"https:\/\/artcontest.biancoscuro.it\/site\/wp-json\/wp\/v2\/posts\/18267\/revisions"}],"predecessor-version":[{"id":18280,"href":"https:\/\/artcontest.biancoscuro.it\/site\/wp-json\/wp\/v2\/posts\/18267\/revisions\/18280"}],"wp:featuredmedia":[{"embeddable":true,"href":"https:\/\/artcontest.biancoscuro.it\/site\/wp-json\/wp\/v2\/media\/18273"}],"wp:attachment":[{"href":"https:\/\/artcontest.biancoscuro.it\/site\/wp-json\/wp\/v2\/media?parent=18267"}],"wp:term":[{"taxonomy":"category","embeddable":true,"href":"https:\/\/artcontest.biancoscuro.it\/site\/wp-json\/wp\/v2\/categories?post=18267"},{"taxonomy":"post_tag","embeddable":true,"href":"https:\/\/artcontest.biancoscuro.it\/site\/wp-json\/wp\/v2\/tags?post=18267"}],"curies":[{"name":"wp","href":"https:\/\/api.w.org\/{rel}","templated":true}]}}