{"id":18752,"date":"2023-07-04T16:19:07","date_gmt":"2023-07-04T14:19:07","guid":{"rendered":"https:\/\/artcontest.biancoscuro.it\/site\/?p=18752"},"modified":"2023-07-04T16:19:09","modified_gmt":"2023-07-04T14:19:09","slug":"gian-reverberi-6","status":"publish","type":"post","link":"https:\/\/artcontest.biancoscuro.it\/site\/gian-reverberi-6\/","title":{"rendered":"Gian Reverberi"},"content":{"rendered":"\n<figure class=\"wp-block-image size-full\"><a href=\"https:\/\/artcontest.biancoscuro.it\/site\/wp-content\/uploads\/2023\/07\/Cose-di-casa-grande.jpg\" target=\"_blank\" rel=\"noreferrer noopener\"><img loading=\"lazy\" decoding=\"async\" width=\"964\" height=\"999\" src=\"https:\/\/artcontest.biancoscuro.it\/site\/wp-content\/uploads\/2023\/07\/Cose-di-casa-grande.jpg\" alt=\"\" class=\"wp-image-18754\" srcset=\"https:\/\/artcontest.biancoscuro.it\/site\/wp-content\/uploads\/2023\/07\/Cose-di-casa-grande.jpg 964w, https:\/\/artcontest.biancoscuro.it\/site\/wp-content\/uploads\/2023\/07\/Cose-di-casa-grande-289x300.jpg 289w, https:\/\/artcontest.biancoscuro.it\/site\/wp-content\/uploads\/2023\/07\/Cose-di-casa-grande-768x796.jpg 768w, https:\/\/artcontest.biancoscuro.it\/site\/wp-content\/uploads\/2023\/07\/Cose-di-casa-grande-450x466.jpg 450w, https:\/\/artcontest.biancoscuro.it\/site\/wp-content\/uploads\/2023\/07\/Cose-di-casa-grande-600x622.jpg 600w\" sizes=\"auto, (max-width: 964px) 100vw, 964px\" \/><\/a><\/figure>\n\n\n\n<figure class=\"wp-block-image\"><img loading=\"lazy\" decoding=\"async\" width=\"500\" height=\"22\" src=\"http:\/\/artcontest.biancoscuro.it\/site\/wp-content\/uploads\/2015\/03\/linette1.jpg\" alt=\".......\" class=\"wp-image-1001\" srcset=\"https:\/\/artcontest.biancoscuro.it\/site\/wp-content\/uploads\/2015\/03\/linette1.jpg 500w, https:\/\/artcontest.biancoscuro.it\/site\/wp-content\/uploads\/2015\/03\/linette1-300x13.jpg 300w\" sizes=\"auto, (max-width: 500px) 100vw, 500px\" \/><\/figure>\n\n\n\n<p>RICORDI \u2013 Cose di casa<br>2022<br>tecnica mista<br>57x57x6 cm.<\/p>\n\n\n\n<p><strong>Gian Reverberi<\/strong> <em>(Fidenza, Italy &#8211; 1946)<\/em> Scultore, pittore e grafico pubblicitario si \u00e8 diplomato Maestro d\u2019Arte all\u2019Istituto&nbsp; \u201cPaolo Toschi\u201d&nbsp;di Parma,&nbsp; dove&nbsp; ha avuto per&nbsp;Maestri i pittori Bini e&nbsp; Gherlinzoni,&nbsp;abilitandosi all\u2019insegnamento; poi ha acquisito la maturit\u00e0 artistica in arte grafica pubblicitaria avvalendosi dell\u2019insegnamento dei Professori milanesi come ing. Carboni. In seguito si \u00e8&nbsp;laureato in Architettura presso il Politecnico di Milano. Ha lavorato nell\u2019ambito della formazione della Soc. SNAM del Gruppo ENI.&nbsp; Successivamente ha ricoperto il ruolo di responsabile dell\u2019ufficio Immagine e Pubblicit\u00e0 della ditta milanese Metano Citt\u00e0 curando tutta la produzione visiva e pubblicitaria della Societ\u00e0. Collateralmente ha diretto per quattro anni la \u201cGalleria Metanopoli\u201d a San Donato Milanese, ospitando artisti di alta professionalit\u00e0 tra cui il noto Walter Molino, illustratore della Domenica del Corriere.&nbsp; Le sue opere&nbsp; oggi&nbsp; sono&nbsp; in&nbsp;Collezioni pubbliche e&nbsp;private,&nbsp;Museo Civico di&nbsp; Crema (CR),&nbsp;Biblioteca Comunale di Montisola (BS), Centro Documentazioni&nbsp; Arti&nbsp; Visive&nbsp; Comune di&nbsp; Senigaglia (AN), Museo di Arte Moderna \u201cFondazione&nbsp; Pagani\u201d Castellanza&nbsp;(VA),&nbsp;Club&nbsp; del Collezionista (MI), Centro&nbsp; S.Matteo&nbsp; (GE),&nbsp; Biblioteca Civica Castellanza (VA),&nbsp; Chiesa di&nbsp; S. Paolo Fidenza (PR), Museo del risorgimento \u201cMusini\u201c Fidenza (PR), Collezione dell\u2019Ente Provincia di Parma.<\/p>\n\n\n\n<p><strong>Facebook<\/strong>: \/Gian Reverberi<\/p>\n\n\n\n<figure class=\"wp-block-image\"><a href=\"http:\/\/artcontest.biancoscuro.it\/site\/wp-content\/uploads\/2015\/03\/linette2.jpg\"><img loading=\"lazy\" decoding=\"async\" width=\"500\" height=\"21\" src=\"http:\/\/artcontest.biancoscuro.it\/site\/wp-content\/uploads\/2015\/03\/linette2.jpg\" alt=\".......\" class=\"wp-image-1000\" srcset=\"https:\/\/artcontest.biancoscuro.it\/site\/wp-content\/uploads\/2015\/03\/linette2.jpg 500w, https:\/\/artcontest.biancoscuro.it\/site\/wp-content\/uploads\/2015\/03\/linette2-300x13.jpg 300w\" sizes=\"auto, (max-width: 500px) 100vw, 500px\" \/><\/a><\/figure>\n\n\n\n<p><strong>Vota questa opera!&nbsp;<\/strong>Segui <strong>Biancoscuro Art Contest<\/strong> su<strong> <\/strong><a href=\"https:\/\/www.instagram.com\/biancoscuroartcontest\/\" target=\"_blank\" rel=\"noreferrer noopener\"><strong>Instagram<\/strong><\/a><strong>&nbsp;<\/strong>e metti mi piace a <strong>Biancoscuro Art Contest<\/strong> su <strong><a href=\"https:\/\/www.facebook.com\/artcontest.biancoscuro\" target=\"_blank\" rel=\"noreferrer noopener\">Facebook<\/a><\/strong>. <br>Cerca la tua opera preferita e successivamente clicca <strong>LIKE<\/strong> o metti un <strong>CUORE<\/strong> per segnalare la tua preferenza. <strong>Il tuo voto contribuir\u00e0<\/strong> all&#8217;assegnazione del premio come giuria popolare.<\/p>\n","protected":false},"excerpt":{"rendered":"<p>RICORDI \u2013 Cose di casa2022tecnica mista57x57x6 cm. Gian Reverberi (Fidenza, Italy &#8211; 1946) Scultore, pittore e grafico pubblicitario si \u00e8 diplomato Maestro d\u2019Arte all\u2019Istituto&nbsp; \u201cPaolo Toschi\u201d&nbsp;di Parma,&nbsp; dove&nbsp; ha avuto<a href=\"https:\/\/artcontest.biancoscuro.it\/site\/gian-reverberi-6\/\">&#8230;Read More<\/a><\/p>\n","protected":false},"author":1,"featured_media":18754,"comment_status":"closed","ping_status":"closed","sticky":false,"template":"","format":"image","meta":{"advanced_seo_description":"","jetpack_seo_html_title":"","jetpack_seo_noindex":false,"_jetpack_memberships_contains_paid_content":false,"footnotes":""},"categories":[5],"tags":[21,22,171],"class_list":["post-18752","post","type-post","status-publish","format-image","has-post-thumbnail","hentry","category-scultura-sculpture","tag-biancoscuro","tag-biancoscuro-art-contest","tag-scultura","post_format-post-format-image"],"jetpack_featured_media_url":"https:\/\/artcontest.biancoscuro.it\/site\/wp-content\/uploads\/2023\/07\/Cose-di-casa-grande.jpg","jetpack_sharing_enabled":true,"jetpack_likes_enabled":false,"_links":{"self":[{"href":"https:\/\/artcontest.biancoscuro.it\/site\/wp-json\/wp\/v2\/posts\/18752","targetHints":{"allow":["GET"]}}],"collection":[{"href":"https:\/\/artcontest.biancoscuro.it\/site\/wp-json\/wp\/v2\/posts"}],"about":[{"href":"https:\/\/artcontest.biancoscuro.it\/site\/wp-json\/wp\/v2\/types\/post"}],"author":[{"embeddable":true,"href":"https:\/\/artcontest.biancoscuro.it\/site\/wp-json\/wp\/v2\/users\/1"}],"replies":[{"embeddable":true,"href":"https:\/\/artcontest.biancoscuro.it\/site\/wp-json\/wp\/v2\/comments?post=18752"}],"version-history":[{"count":1,"href":"https:\/\/artcontest.biancoscuro.it\/site\/wp-json\/wp\/v2\/posts\/18752\/revisions"}],"predecessor-version":[{"id":18756,"href":"https:\/\/artcontest.biancoscuro.it\/site\/wp-json\/wp\/v2\/posts\/18752\/revisions\/18756"}],"wp:featuredmedia":[{"embeddable":true,"href":"https:\/\/artcontest.biancoscuro.it\/site\/wp-json\/wp\/v2\/media\/18754"}],"wp:attachment":[{"href":"https:\/\/artcontest.biancoscuro.it\/site\/wp-json\/wp\/v2\/media?parent=18752"}],"wp:term":[{"taxonomy":"category","embeddable":true,"href":"https:\/\/artcontest.biancoscuro.it\/site\/wp-json\/wp\/v2\/categories?post=18752"},{"taxonomy":"post_tag","embeddable":true,"href":"https:\/\/artcontest.biancoscuro.it\/site\/wp-json\/wp\/v2\/tags?post=18752"}],"curies":[{"name":"wp","href":"https:\/\/api.w.org\/{rel}","templated":true}]}}