{"id":21997,"date":"2025-02-20T16:46:26","date_gmt":"2025-02-20T15:46:26","guid":{"rendered":"https:\/\/artcontest.biancoscuro.it\/site\/?p=21997"},"modified":"2025-02-20T16:46:26","modified_gmt":"2025-02-20T15:46:26","slug":"emilia-ramorini-remily-2","status":"publish","type":"post","link":"https:\/\/artcontest.biancoscuro.it\/site\/emilia-ramorini-remily-2\/","title":{"rendered":"Emilia Ramorini &#8211; Remily"},"content":{"rendered":"\n<figure class=\"wp-block-image size-full\"><a href=\"https:\/\/artcontest.biancoscuro.it\/site\/wp-content\/uploads\/2025\/02\/E-scoppiato-il-carnevale-.jpg\" target=\"_blank\" rel=\"noreferrer noopener\"><img loading=\"lazy\" decoding=\"async\" width=\"999\" height=\"883\" src=\"https:\/\/artcontest.biancoscuro.it\/site\/wp-content\/uploads\/2025\/02\/E-scoppiato-il-carnevale-.jpg\" alt=\"\" class=\"wp-image-22000\" srcset=\"https:\/\/artcontest.biancoscuro.it\/site\/wp-content\/uploads\/2025\/02\/E-scoppiato-il-carnevale-.jpg 999w, https:\/\/artcontest.biancoscuro.it\/site\/wp-content\/uploads\/2025\/02\/E-scoppiato-il-carnevale--300x265.jpg 300w, https:\/\/artcontest.biancoscuro.it\/site\/wp-content\/uploads\/2025\/02\/E-scoppiato-il-carnevale--768x679.jpg 768w, https:\/\/artcontest.biancoscuro.it\/site\/wp-content\/uploads\/2025\/02\/E-scoppiato-il-carnevale--450x398.jpg 450w, https:\/\/artcontest.biancoscuro.it\/site\/wp-content\/uploads\/2025\/02\/E-scoppiato-il-carnevale--600x530.jpg 600w\" sizes=\"auto, (max-width: 999px) 100vw, 999px\" \/><\/a><\/figure>\n\n\n\n<figure class=\"wp-block-image\"><img loading=\"lazy\" decoding=\"async\" width=\"500\" height=\"22\" src=\"https:\/\/artcontest.biancoscuro.it\/site\/wp-content\/uploads\/2015\/03\/linette1.jpg\" alt=\".......\" class=\"wp-image-1001\" srcset=\"https:\/\/artcontest.biancoscuro.it\/site\/wp-content\/uploads\/2015\/03\/linette1.jpg 500w, https:\/\/artcontest.biancoscuro.it\/site\/wp-content\/uploads\/2015\/03\/linette1-300x13.jpg 300w\" sizes=\"auto, (max-width: 500px) 100vw, 500px\" \/><\/figure>\n\n\n\n<p><\/p>\n\n\n\n<p>\u00c8 scoppiato il carnevale<br>2025<br>olio<br>50&#215;60 cm.<\/p>\n\n\n\n<p><strong>Emilia Ramorini &#8211; Remily<\/strong> <em>(Milano, Italy &#8211; 1960)<\/em>.\u00a0Anche se l\u2019arte \u00e8 sempre stata la sua passione &#8211; tant\u2019\u00e8 che sin dai tempi delle scuole i suoi maestri ne avevano riconosciuto e lodato il talento &#8211; il percorso di studi e lavorativo l\u2019hanno portata ad occuparsi fino al 2020 di processi organizzativi e digitalizzazione presso un Gruppo Bancario. Nel frattempo seguiva un progetto di approfondimenti in discipline bio-naturali e sperimentava tecniche finalizzate a scrutare il mondo delle emozioni, che hanno fatto riemergere i talenti personali e canalizzato l\u2019energia vitale in attivit\u00e0 creative, quali la scrittura e la pittura. \u00c8 in particolare l\u2019amore per la pittura che si sviluppa, ancora pi\u00f9 intensamente di prima, e prevalendo sensibilmente sugli altri interessi, grazie anche ai corsi seguiti sotto la maestrale guida di Loris Del Balzo prima e di Luigi Pellanda poi. Parte da una pittura realistica, avviando i suoi quadri spesso da fotografie. Trasporta sulla tela i soggetti: le persone, gli animali, i paesaggi, la natura, le motociclette, ecc., nella maniera pi\u00f9verosimile possibile, in virt\u00f9 del suo modo critico ed empatico di osservare il mondo. Oltre a questo per\u00f2 si sta facendo strada anche la sua energia creativa che la porta a realizzare pitture composite, con un forte significato sottinteso nella raffigurazione di matrice quasi surrealista. Il suo stile pittorico, sia nell\u2019uso dell\u2019acrilico che quello dell\u2019olio, si vanta di un tocco leggero e sottile, che crea con diverse stesure di colore a punta di pennello, per subentrare nel minimo dettaglio, senza esagerare nell\u2019applicazione della materia.<br>RICONOSCIMENTI ANNO 2024<br>MILANO: Premio artista PREMIO TAMARA DE LEMPICKA<br>VENEZIA: Premio Maestro PREMIO ARTE BIENNALE<br>ROMA\/FIRENZE: Dantebus<br>FERRARA &#8211; Premio Arte in fiera &#8211; Premio artisti in vetrina<br>PALERMO &#8211; spazio espositivo Experience<br>MILANO &#8211; Premio Mazzini<\/p>\n\n\n\n<p><strong>Facebook<\/strong>: \/emilia.ramorini<br><strong>Instagram<\/strong>: @Emilia Ramorini<br><\/p>\n\n\n\n<figure class=\"wp-block-image is-resized\"><a href=\"https:\/\/artcontest.biancoscuro.it\/site\/wp-content\/uploads\/2015\/03\/linette2.jpg\"><img loading=\"lazy\" decoding=\"async\" width=\"500\" height=\"21\" src=\"https:\/\/artcontest.biancoscuro.it\/site\/wp-content\/uploads\/2015\/03\/linette2.jpg\" alt=\".......\" class=\"wp-image-1000\" srcset=\"https:\/\/artcontest.biancoscuro.it\/site\/wp-content\/uploads\/2015\/03\/linette2.jpg 500w, https:\/\/artcontest.biancoscuro.it\/site\/wp-content\/uploads\/2015\/03\/linette2-300x13.jpg 300w\" sizes=\"auto, (max-width: 500px) 100vw, 500px\" \/><\/a><\/figure>\n\n\n\n<p><strong>Vota questa opera!&nbsp;<\/strong>Segui <strong>Biancoscuro Art Contest<\/strong> su<strong> <\/strong><a href=\"https:\/\/www.instagram.com\/biancoscuroartcontest\/\" target=\"_blank\" rel=\"noreferrer noopener\"><strong>Instagram<\/strong><\/a><strong>&nbsp;<\/strong>e metti mi piace a <strong>Biancoscuro Art Contest<\/strong> su <strong><a href=\"https:\/\/www.facebook.com\/artcontest.biancoscuro\" target=\"_blank\" rel=\"noreferrer noopener\">Facebook<\/a><\/strong>. <br>Cerca la tua opera preferita e successivamente clicca <strong>LIKE<\/strong> o metti un <strong>CUORE<\/strong> per segnalare la tua preferenza. <strong>Il tuo voto contribuir\u00e0<\/strong> all&#8217;assegnazione del premio come giuria popolare.<\/p>\n","protected":false},"excerpt":{"rendered":"<p>\u00c8 scoppiato il carnevale2025olio50&#215;60 cm. Emilia Ramorini &#8211; Remily (Milano, Italy &#8211; 1960).\u00a0Anche se l\u2019arte \u00e8 sempre stata la sua passione &#8211; tant\u2019\u00e8 che sin dai tempi delle scuole i<a href=\"https:\/\/artcontest.biancoscuro.it\/site\/emilia-ramorini-remily-2\/\">&#8230;Read More<\/a><\/p>\n","protected":false},"author":1,"featured_media":22000,"comment_status":"closed","ping_status":"closed","sticky":false,"template":"","format":"image","meta":{"advanced_seo_description":"","jetpack_seo_html_title":"","jetpack_seo_noindex":false,"_jetpack_memberships_contains_paid_content":false,"footnotes":""},"categories":[15,4],"tags":[20,467,21,493,170],"class_list":["post-21997","post","type-post","status-publish","format-image","has-post-thumbnail","hentry","category-bac-winter-edition","category-pittura-painting","tag-bac","tag-bacwinteredition","tag-biancoscuro","tag-emiliaramorini","tag-pittura","post_format-post-format-image"],"jetpack_featured_media_url":"https:\/\/artcontest.biancoscuro.it\/site\/wp-content\/uploads\/2025\/02\/E-scoppiato-il-carnevale-.jpg","jetpack_sharing_enabled":true,"jetpack_likes_enabled":false,"_links":{"self":[{"href":"https:\/\/artcontest.biancoscuro.it\/site\/wp-json\/wp\/v2\/posts\/21997","targetHints":{"allow":["GET"]}}],"collection":[{"href":"https:\/\/artcontest.biancoscuro.it\/site\/wp-json\/wp\/v2\/posts"}],"about":[{"href":"https:\/\/artcontest.biancoscuro.it\/site\/wp-json\/wp\/v2\/types\/post"}],"author":[{"embeddable":true,"href":"https:\/\/artcontest.biancoscuro.it\/site\/wp-json\/wp\/v2\/users\/1"}],"replies":[{"embeddable":true,"href":"https:\/\/artcontest.biancoscuro.it\/site\/wp-json\/wp\/v2\/comments?post=21997"}],"version-history":[{"count":1,"href":"https:\/\/artcontest.biancoscuro.it\/site\/wp-json\/wp\/v2\/posts\/21997\/revisions"}],"predecessor-version":[{"id":22004,"href":"https:\/\/artcontest.biancoscuro.it\/site\/wp-json\/wp\/v2\/posts\/21997\/revisions\/22004"}],"wp:featuredmedia":[{"embeddable":true,"href":"https:\/\/artcontest.biancoscuro.it\/site\/wp-json\/wp\/v2\/media\/22000"}],"wp:attachment":[{"href":"https:\/\/artcontest.biancoscuro.it\/site\/wp-json\/wp\/v2\/media?parent=21997"}],"wp:term":[{"taxonomy":"category","embeddable":true,"href":"https:\/\/artcontest.biancoscuro.it\/site\/wp-json\/wp\/v2\/categories?post=21997"},{"taxonomy":"post_tag","embeddable":true,"href":"https:\/\/artcontest.biancoscuro.it\/site\/wp-json\/wp\/v2\/tags?post=21997"}],"curies":[{"name":"wp","href":"https:\/\/api.w.org\/{rel}","templated":true}]}}