{"id":3727,"date":"2016-06-16T09:51:59","date_gmt":"2016-06-16T09:51:59","guid":{"rendered":"http:\/\/artcontest.biancoscuro.it\/site\/?p=3727"},"modified":"2019-06-25T13:59:09","modified_gmt":"2019-06-25T11:59:09","slug":"gene-pompa","status":"publish","type":"post","link":"https:\/\/artcontest.biancoscuro.it\/site\/gene-pompa\/","title":{"rendered":"Gene Pompa"},"content":{"rendered":"<p>L&#8217;albero di Botero<br \/>\nolio su tela<br \/>\n100x100x3 cm.<br \/>\n2016<br \/>\n6.000 \u20ac<\/p>\n<p><img loading=\"lazy\" decoding=\"async\" class=\"alignno ne size-full wp-image-1001\" src=\"http:\/\/artcontest.biancoscuro.it\/site\/wp-content\/uploads\/2015\/03\/linette1.jpg\" alt=\"linette1\" width=\"500\" height=\"22\" srcset=\"https:\/\/artcontest.biancoscuro.it\/site\/wp-content\/uploads\/2015\/03\/linette1.jpg 500w, https:\/\/artcontest.biancoscuro.it\/site\/wp-content\/uploads\/2015\/03\/linette1-300x13.jpg 300w\" sizes=\"auto, (max-width: 500px) 100vw, 500px\" \/><\/p>\n<p><strong><del><\/del> Gene Pompa\u00a0<\/strong>(Roma\u00a0<em>\u00a0&#8211; Italy)<\/em> nato ad Alessandria d\u2019Egitto 11 marzo 1952, \u00e8 residente a Roma dal 1962.\u00a0Studi artistici: Diplomato in Murales all\u2019Istituto San Giacomo di Roma.<br \/>\n<em>\u201cPresentarsi, soprattutto per un pittore, \u00e8 molto facile, basta mostrare le proprie opere e si \u00e8 gi\u00e0 a buon punto, ma parlare della propria vita inizia ad essere un po\u2019 pi\u00f9 complicato. Il mio nome completo \u00e8 Generoso Pompa ma, sin da bambino, mi hanno chiamato con il diminutivo di &#8220;Gene&#8221; con il quale firmo oggi le mie opere.\u201d\u00a0<\/em>Cos\u00ec, con la sua delicata ironia, il maestro Gene Pompa si introduce al pubblico. Di origini italiane, nasce ad Alessandria d\u2019Egitto l\u201911 marzo del 1952, dove trascorre una splendida infanzia fino all\u2019et\u00e0 di dieci anni. Ad interrompere la sua spensieratezza l\u2019avvento dei bruschi mutamenti politici che coinvolsero l\u2019Egitto negli anni \u201960, la sua famiglia fu infatti costretta ad abbandonare tutto per emigrare verso l\u2019Australia. Il viaggio si interrompe in Italia, a Roma, dove il Maestro vive tutt\u2019oggi con la sua famiglia. <em>\u201cIn Egitto, essendo nato da genitori italiani, mi chiamavano &#8220;l\u2019italiano&#8221;, mentre in Italia, essendo nato all\u2019estero, mi chiamano &#8220;l\u2019egiziano&#8221;, perci\u00f2 fate voi.\u201d\u00a0<\/em>I suoi esordi come pittore hanno inizio da ragazzo, prendendo confidenza con le tecniche artistiche copiando le opere dei grandi Maestri del passato. Dagli anni \u201990 intraprende a tempo pieno la professione, alternando opere surreali ad opere squisitamente paesaggistiche. Il \u201cmarchio\u201d che rende la pittura di Gene Pompa immediatamente riconoscibile \u00e8 di certo la sua tecnica a rilievo: grazie al consapevole utilizzo di spatola e pannello realizza ad olio dipinti tridimensionali.\u00a0<em>\u201cConfesso che sin dalle prime volte che esposi le mie opere, incontrai immediatamente una felice e meravigliata accoglienza da parte del pubblico e, successivamente, da parte della critica che mi ha incoraggiato a proseguire la ricerca e ad affinare la tecnica esecutiva che, con il tempo, mi ha portato ad ottenere numerosi premi e riconoscimenti nazionali ed internazionali.\u201d<\/em><br \/>\nUna svolta importante nella sua carriera artistica \u00e8 l\u2019apertura nel 1998 del suo Atelier \u201cAArt\u2019\u00e8 Gene\u201d, a Roma in Via Bellinzona (quartiere Trieste). Considerando il crescente apprezzamento del pubblico apre una Galleria nel centro storico della rinomata cittadina di Spoleto, in via del palazzo dei Duchi. A tutt\u2019oggi Gene Pompa pu\u00f2 considerarsi un\u2019artista consolidato, ha partecipato ad oltre cinquecento Rassegne d\u2019arte, Nazionali ed Internazionali, nonch\u00e9 ha esposto in prestigiose gallerie private. Il 2013 lo vede protagonista della pubblicazione della sua Monografia, edita da Giorgio Mondadori e curata dal Prof. Giovanni Faccenda, noto critico che tuttora accompagna il Maestro Gene Pompa nell\u2019organizzazione di importanti eventi culturali e nel 2014 con un catalogo personale con critica del Prof. Vittorio Sgarbi e dal 2014-15-16 alcune sue opere hanno fatto parte della scenografia del programma GEO di RAI3.<br \/>\n<strong><br \/>\nESPOSIZIONI PERMANENTI<\/strong><br \/>\nROMA (ITALIA) \u2013 Aart\u2019\u00e8 Gene Studio-Galleria, Roma<br \/>\nSPOLETO (PG) ITALIA \u2013 Galleria Aart\u2019\u00e8 Gene, Spoleto<br \/>\nBOLOGNA (ITALIA) \u2013 Galleria Wikiarte<br \/>\nPHILADELPHIA C.H. (USA) \u2013 Carol Schwartz Gallery, Chestnut Hill<br \/>\nNEW YORK (USA) WARD-NASSE GALLERY\u2013 Soho<strong><br \/>\nESPOSIZIONI INTERNAZIONALI<\/strong><br \/>\n2015 Miami (USA) Art Fair Galleria Wikiarte<br \/>\nMontreux (Switzerland)\u2013 12^ MAG mostra arte contemporanea<br \/>\nLondra (UK) \u2013 Montage Gallery<br \/>\nRidderkerk (Holand) \u2013 Municipal Palace<br \/>\nLautenbach Zell (France) &#8211; Fondation SyRo of Arts 9 ^<br \/>\nNew York (USA) \u2013 Personale Ward-Nasse Gallery<br \/>\nLondra (UK) \u2013 Oxo-Tower \u2013 Art Fair<br \/>\n2014 Hamburg (Germany) \u2013 Elbschloss Residenz \u201cArtistic Confessions\u201d<br \/>\n2014 Ridderkerk (Holand) \u2013 Municipal Palace<br \/>\n2013 Bruxelles (Belgium) \u2013 Gallery Amart \u201cI segnalati\u201d<br \/>\nLautenbach Zell (France) &#8211; Fondation SyRo of Arts 10 ^<br \/>\n2012 Berlin (Germany) &#8211; Gallery Infantellina Contemporary<br \/>\nLautenbach Zell (France) &#8211; Fondation SyRo of Arts 9 ^<br \/>\n2011 Paris (France) &#8211; Galerie de Europe 55, rue de Seine<br \/>\nLautenbach Zell (France) &#8211; Fondation SyRo of Arts 8 ^ And.<br \/>\nBruxelles (Belgium) &#8211; Expo Italia and Gallery You Cour des Arts<br \/>\n2010 Lautenbaches Zell (France) &#8211; Fondation SyRo of Arts 7 And<br \/>\n2009 Lausanne (Switzerland) &#8211; 4^Art. Cont. &#8211; Beau-Rivage Palace<br \/>\nNew York (USA) &#8211; 31 ^ ARTEXPO Fiera International<br \/>\n2008 Paris France &#8211; Gran Palais La Villas Europeenne des Sciences<br \/>\nLas Vegas (USA) &#8211; ARTEXPO Fair Intern.le<br \/>\nGeneva (Switzerland) &#8211; 17 ^ EUROP&#8217;ART Fair Intern.le<br \/>\n2007 Shongau (Germany) &#8211; Expo in Plain Air<br \/>\n2006 Kiev &#8211; Ukraine &#8211; &#8220;Museum of the Lavra&#8221;<br \/>\nKaufbeuren (Germany) &#8211; Expo in Plain Air<br \/>\n2005 Presov (Slovakia) &#8211; A.C.S.A. &#8220;Gallery Joseph&#8221;<br \/>\n2004 Korsuns &#8211; (Ukraine) &#8211; &#8220;Gallery Museale&#8221;<br \/>\n2003 Landshuts (Germany) &#8211; Personal altstadt<br \/>\nFussen (Germany) &#8211; Expo in Plain Air<br \/>\nMarktoberdorf (Germany) &#8211; Expo in Plain Air<br \/>\n2002 Saints Paul de Vence (France) &#8211; Expo Gallery MFF<br \/>\n2001 Regensburg (Germany) &#8211; Expo in Plain Air<br \/>\n2000 Paris (France) &#8211; Expo &#8220;Gallery Rocha&#8221;<br \/>\nBarbizon (France) &#8211; Expo &#8220;Gallery Fortin&#8221;<br \/>\n1999 Miami (USA) &#8211; Expo &#8220;International Art Miami&#8221;<br \/>\n1998 Landshuts (Germany) &#8211; Expo in Plain Air Altstad<br \/>\n1996 Miami (USA) &#8211; &#8220;International Art Exposition&#8221;<br \/>\n1994 Paris France &#8211; &#8220;Italy Prize 93&#8221; Maison de Loisir et Culture<br \/>\n<strong>ALCUNE ESPOSIZIONI NAZIONALI<\/strong><br \/>\n1970 Roma &#8211; Galleria Esedra Mostra Personale<br \/>\n1992 Roma &#8211; Palazzo Valentini Mostra \u201cI colori dell\u2019immaginazione\u201d<br \/>\n1995 Foggia &#8211; 3^ Biennale d\u2019Arte Sacra Premio Incoronata<br \/>\n1996 al 2016 Spoleto (Pg) Mostra Personale al Festival dei Due Mondi<br \/>\n1997 Roma &#8211; Accademia d\u2019Egitto Mostra Personale<br \/>\nRoma Fiera di Roma 37^ Mostra d\u2019Arte Contemporanea<br \/>\n2000 Torino &#8211; 1^ Mostra Mercato Palazzo Nervi<br \/>\n2001 Milano &#8211; Galleria Ars Italica Mostra Personale<br \/>\n2002 Bologna &#8211; Palazzo Zambeccaria Mostra Personale<br \/>\n2003 Reggio Emilia &#8211; 5^ Mostra Arte in Fiera<br \/>\n2004 Viterbo &#8211; 1^ Fiera d\u2019Arte Contemporanea \u201cVitarte\u201d<br \/>\n2005 Forl\u00ec &#8211; Fiera d\u2019Arte Contemporanea 3^ Edizione<br \/>\nAgrigento &#8211; 1^ Fiera d\u2019Arte Contemporanea Palacongressi Villaggio Mos\u00e8<br \/>\n2006 Forl\u00ec &#8211; Fiera d\u2019Arte Contemporanea 4^ Edizione<br \/>\n2007 Sain Vincent &#8211; Hotel Billia Mostra Personale<br \/>\n2008 Agrigento &#8211; 4^ Fiera d\u2019Arte Contemporanea Palacongressi Villaggio Mos\u00e8<br \/>\n2009 Porto Santo Stefano &#8211; Argentario Art Festival<br \/>\n2010 Bologna &#8211; Galleria Momenti d\u2019artista Mostra Personale<br \/>\nBologna &#8211; Officine Minganti vincitore 1^ Edizione Mostra Concorso<br \/>\n2011 Agrigento &#8211; 6^ Fiera d\u2019Arte Contemporanea Palacongressi Villaggio Mos\u00e8<br \/>\n2012 Bari &#8211; Fiera del Levante 30^ Expo Arte Contemporanea<br \/>\nPadova &#8211; Fiera d\u2019Arte Contemporanea 23^ Edizione<br \/>\n2013 Palermo &#8211; 1^ Biennale d\u2019Arte Internazionale Loggiato San Bartolomeo<br \/>\n2014 Verona &#8211; PalaExpo 1^ Biennale d\u2019arte contemporanea<br \/>\nMilano &#8211; Museo Matalon Mostra Personale<br \/>\nRoma &#8211; Chiostro del Bramante Triennale di Roma<br \/>\nBologna &#8211; Circolo Bononia Round Table Ospite d\u2019onore<br \/>\n2015 Napoli &#8211; NAF Fiera d\u2019arte Contemporanea Oltremare<br \/>\nBologna &#8211; Galleria Wikiarte Mostra Personale<br \/>\nMilano &#8211; Expo Citt\u00e0 Palazzo dei Giureconsulti \u201cL\u2019Arte e il Tempo\u201d<br \/>\n2016 Milano &#8211; Affordable Arte Fiera Contemporanea<br \/>\nSalerno &#8211; Biennale d\u2019Arte Internazionale Palazzo Fruscione<br \/>\nVerona &#8211; PalaExpo 1^ Triennale d\u2019Arte Internazionale Contemporanea<br \/>\n<strong>ALCUNI PREMI<\/strong><br \/>\n2015 Palermo &#8211; Artista dell\u2019anno 2015 H.S.P Palace<br \/>\n2013 Bruxelles &#8211; Premio Europea Galleria Amart<br \/>\n2012 Palermo &#8211; Italia \u2013 Premio Speciale Pittura Effetto Arte Art Paolo Levi<br \/>\n2010 Bologna &#8211; Italia &#8211; 1\u00b0 Premio Minganti 2010&#8243; opera &#8220;L\u2019alta quercia&#8221;<br \/>\n2010 Fucecchio &#8211; Italy &#8211; &#8220;Premio Arte X 2010&#8221; Finalista Classificato<br \/>\n2009 New York &#8211; (USA) &#8211; 2\u00b0Premio Pittura ARTEXPO Fiera Internazionale<br \/>\n2007 Ostia Antica &#8211; (Rm) &#8211; Italia &#8211; 2\u00b0 Premio &#8220;Emozioni in Arte&#8221; Episcopio<br \/>\n2003 Roma &#8211; Italia &#8211; &#8220;Premio Arte&#8221; 2\u00b0 classificato Piazza Citt\u00e0 Leonina<br \/>\n1999 Roma &#8211; Italia &#8211; 1\u00b0 Premio Pittura &#8220;Principe de Curtis&#8221; Grand Hotel Palatino<br \/>\n1998 Roma &#8211; Italia \u2013 Premio Nazionale &#8220;Acquario d\u2019oro&#8221;<br \/>\n1998 Rossano (Cs) &#8211; Italia &#8211; 2\u00b0classificate al 2\u00b0 Premio Nazionale di Pittura<br \/>\n1998 Roma &#8211; Italia &#8211; 1\u00b0 Prmo Premio del pubblico \u201cRe di Roma\u201d<br \/>\n1995 Velletri (Rm) &#8211; Itala &#8211; 1\u00b0 Premio Pittura &#8220;Arte citt\u00e0 di Velletri<br \/>\n1995 Foggia &#8211; Italia &#8211; &#8220;Premio Incoronata&#8221; 3 ^ Bienniale d&#8217; Arte Sacra<br \/>\n1994 Parigi &#8211; Francia &#8211; &#8220;Premio Italia1993&#8221; Maison de Loisir et Culture Montmorency<br \/>\n1993 Casperia (Ri) &#8211; Italia &#8211; 1\u00b0 Premio Pittura &#8220;Competizione estemporanea&#8221;<br \/>\n1993 Varco Sabino (Ri) &#8211; Italia &#8211; 2\u00b0 Premio Pittura &#8220;V edizione estemporanea&#8221;<br \/>\n<strong><br \/>\nHanno scritto dell\u2019autore<\/strong>: Vittorio Sgarbi &#8211; Giovanni Faccenda &#8211; Ed McCormack &#8211; Paolo Levi &#8211; Sandro Serradifalco &#8211; Federica Pelligra &#8211; Anna Francesca Biondolillo &#8211; Krista Brown &#8211; Valentina Davidenko &#8211; Laura Del Vecchio &#8211; Francesco Gallo Mazzeo &#8211; Ercolino Ferraina &#8211; Jenny Gatta &#8211; Graziella Melania Geraci &#8211; Stefano Leonardi &#8211; Giovanna Maria Marano &#8211; Massimo Nardi &#8211; Alessandra Paradisi &#8211; Marina Poggi D\u2019Angelo &#8211; Letizia Prestigiacomo &#8211; Salvatore Russo &#8211; Carlo Serafini &#8211; Anna Shvets &#8211; Carlo Speranza &#8211; Sandra Steinhart &#8211; ed altri.<\/p>\n<p><a href=\"http:\/\/artcontest.biancoscuro.it\/site\/wp-content\/uploads\/2015\/03\/linette2.jpg\"><img loading=\"lazy\" decoding=\"async\" class=\"alignnone size-full wp-image-1000\" src=\"http:\/\/artcontest.biancoscuro.it\/site\/wp-content\/uploads\/2015\/03\/linette2.jpg\" alt=\"linette2\" width=\"500\" height=\"21\" srcset=\"https:\/\/artcontest.biancoscuro.it\/site\/wp-content\/uploads\/2015\/03\/linette2.jpg 500w, https:\/\/artcontest.biancoscuro.it\/site\/wp-content\/uploads\/2015\/03\/linette2-300x13.jpg 300w\" sizes=\"auto, (max-width: 500px) 100vw, 500px\" \/><\/a><\/p>\n<p><strong>Vote for this artwork!<\/strong>\u00a0Please click\u00a0<strong>Facebook like<\/strong>,\u00a0<strong>Twitter, Pinterest<\/strong>\u00a0and\u00a0<strong>Google plus<\/strong><br \/>\n<strong>Vota questa opera!\u00a0<\/strong>Clicca\u00a0<strong>Mi piace<\/strong><strong>\u00a0su Facebook<\/strong>,\u00a0<strong>Twitter, Pinterest<\/strong>\u00a0e\u00a0<strong>Google plus<\/strong><\/p>\n<p><img loading=\"lazy\" decoding=\"async\" class=\"alignnone size-medium wp-image-3728\" src=\"http:\/\/artcontest.biancoscuro.it\/site\/wp-content\/uploads\/2016\/06\/lalbero-di-botero-cm-100x100x3-olio-su-tela-anno-2016-gene-pompa-300x300.jpg\" alt=\"biancoscuroz art contest - biancoscuro art magazine\" width=\"300\" height=\"300\" srcset=\"https:\/\/artcontest.biancoscuro.it\/site\/wp-content\/uploads\/2016\/06\/lalbero-di-botero-cm-100x100x3-olio-su-tela-anno-2016-gene-pompa-300x300.jpg 300w, https:\/\/artcontest.biancoscuro.it\/site\/wp-content\/uploads\/2016\/06\/lalbero-di-botero-cm-100x100x3-olio-su-tela-anno-2016-gene-pompa-150x150.jpg 150w, https:\/\/artcontest.biancoscuro.it\/site\/wp-content\/uploads\/2016\/06\/lalbero-di-botero-cm-100x100x3-olio-su-tela-anno-2016-gene-pompa-768x770.jpg 768w, https:\/\/artcontest.biancoscuro.it\/site\/wp-content\/uploads\/2016\/06\/lalbero-di-botero-cm-100x100x3-olio-su-tela-anno-2016-gene-pompa.jpg 997w\" sizes=\"auto, (max-width: 300px) 100vw, 300px\" \/><\/p>\n","protected":false},"excerpt":{"rendered":"<p>L&#8217;albero di Botero olio su tela 100x100x3 cm. 2016 6.000 \u20ac Gene Pompa\u00a0(Roma\u00a0\u00a0&#8211; Italy) nato ad Alessandria d\u2019Egitto 11 marzo 1952, \u00e8 residente a Roma dal 1962.\u00a0Studi artistici: Diplomato in<a href=\"https:\/\/artcontest.biancoscuro.it\/site\/gene-pompa\/\">&#8230;Read More<\/a><\/p>\n","protected":false},"author":1,"featured_media":3728,"comment_status":"closed","ping_status":"closed","sticky":false,"template":"","format":"image","meta":{"advanced_seo_description":"","jetpack_seo_html_title":"","jetpack_seo_noindex":false,"_jetpack_memberships_contains_paid_content":false,"footnotes":""},"categories":[4],"tags":[],"class_list":["post-3727","post","type-post","status-publish","format-image","has-post-thumbnail","hentry","category-pittura-painting","post_format-post-format-image"],"jetpack_featured_media_url":"https:\/\/artcontest.biancoscuro.it\/site\/wp-content\/uploads\/2016\/06\/lalbero-di-botero-cm-100x100x3-olio-su-tela-anno-2016-gene-pompa.jpg","jetpack_sharing_enabled":true,"jetpack_likes_enabled":false,"_links":{"self":[{"href":"https:\/\/artcontest.biancoscuro.it\/site\/wp-json\/wp\/v2\/posts\/3727","targetHints":{"allow":["GET"]}}],"collection":[{"href":"https:\/\/artcontest.biancoscuro.it\/site\/wp-json\/wp\/v2\/posts"}],"about":[{"href":"https:\/\/artcontest.biancoscuro.it\/site\/wp-json\/wp\/v2\/types\/post"}],"author":[{"embeddable":true,"href":"https:\/\/artcontest.biancoscuro.it\/site\/wp-json\/wp\/v2\/users\/1"}],"replies":[{"embeddable":true,"href":"https:\/\/artcontest.biancoscuro.it\/site\/wp-json\/wp\/v2\/comments?post=3727"}],"version-history":[{"count":1,"href":"https:\/\/artcontest.biancoscuro.it\/site\/wp-json\/wp\/v2\/posts\/3727\/revisions"}],"predecessor-version":[{"id":3729,"href":"https:\/\/artcontest.biancoscuro.it\/site\/wp-json\/wp\/v2\/posts\/3727\/revisions\/3729"}],"wp:featuredmedia":[{"embeddable":true,"href":"https:\/\/artcontest.biancoscuro.it\/site\/wp-json\/wp\/v2\/media\/3728"}],"wp:attachment":[{"href":"https:\/\/artcontest.biancoscuro.it\/site\/wp-json\/wp\/v2\/media?parent=3727"}],"wp:term":[{"taxonomy":"category","embeddable":true,"href":"https:\/\/artcontest.biancoscuro.it\/site\/wp-json\/wp\/v2\/categories?post=3727"},{"taxonomy":"post_tag","embeddable":true,"href":"https:\/\/artcontest.biancoscuro.it\/site\/wp-json\/wp\/v2\/tags?post=3727"}],"curies":[{"name":"wp","href":"https:\/\/api.w.org\/{rel}","templated":true}]}}