{"id":5802,"date":"2017-06-22T16:23:53","date_gmt":"2017-06-22T15:23:53","guid":{"rendered":"http:\/\/artcontest.biancoscuro.it\/site\/?p=5802"},"modified":"2019-06-25T13:36:31","modified_gmt":"2019-06-25T11:36:31","slug":"paolo-schifano","status":"publish","type":"post","link":"https:\/\/artcontest.biancoscuro.it\/site\/paolo-schifano\/","title":{"rendered":"Paolo Schifano"},"content":{"rendered":"<p>Rome<br \/>\n50&#215;50 cm<br \/>\nDigital photo<br \/>\n2016<\/p>\n<p><img loading=\"lazy\" decoding=\"async\" class=\"alignnone size-full wp-image-1001\" src=\"http:\/\/artcontest.biancoscuro.it\/site\/wp-content\/uploads\/2015\/03\/linette1.jpg\" alt=\"linette1\" width=\"500\" height=\"22\" srcset=\"https:\/\/artcontest.biancoscuro.it\/site\/wp-content\/uploads\/2015\/03\/linette1.jpg 500w, https:\/\/artcontest.biancoscuro.it\/site\/wp-content\/uploads\/2015\/03\/linette1-300x13.jpg 300w\" sizes=\"auto, (max-width: 500px) 100vw, 500px\" \/><\/p>\n<p><strong> Paolo Schifano <\/strong>\u00a0(Roma <em>\u00a0&#8211; Italy)\u00a0<\/em>, nasce a Trapani. Affascinato dalla sua terra e dalla sua gente approfondisce tematiche imperniate sull\u2019uomo e sull\u2019evoluzione della societ\u00e0.<br \/>\nL&#8217;autore si \u00e8 dedicato attivamente alla stesura di numerosi portfolio, divenendo lo strumento espressivo pi\u00f9 consono alle sue attivit\u00e0 di ricerca, ma non per questo ha trascurato il valore assoluto del singolo scatto, considerandolo un elemento di estrema sintesi narrativa.<br \/>\nDal 2005, ha composto molteplici lavori di carattere concettuale, dove la documentazione si miscela al pensiero, determinando una fantastica fotografia della mente. La ricerca stilistica ha determinato che le forme diventassero linguaggio, i simboli certezze, lo stato di meditazione coscienza, il bianco e il nero il perfetto connubio tra realt\u00e0 visiva con l&#8217;espressione della conoscenza.<\/p>\n<p><a href=\"http:\/\/artcontest.biancoscuro.it\/site\/wp-content\/uploads\/2015\/03\/linette2.jpg\"><img loading=\"lazy\" decoding=\"async\" class=\"alignnone size-full wp-image-1000\" src=\"http:\/\/artcontest.biancoscuro.it\/site\/wp-content\/uploads\/2015\/03\/linette2.jpg\" alt=\"linette2\" width=\"500\" height=\"21\" srcset=\"https:\/\/artcontest.biancoscuro.it\/site\/wp-content\/uploads\/2015\/03\/linette2.jpg 500w, https:\/\/artcontest.biancoscuro.it\/site\/wp-content\/uploads\/2015\/03\/linette2-300x13.jpg 300w\" sizes=\"auto, (max-width: 500px) 100vw, 500px\" \/><\/a><\/p>\n<p><strong>Vote for this artwork!<\/strong>\u00a0Please click\u00a0<strong>Facebook like<\/strong>,\u00a0<strong>Twitter, Pinterest<\/strong>\u00a0and\u00a0<strong>Google plus<\/strong><br \/>\n<strong>Vota questa opera!\u00a0<\/strong>Clicca\u00a0<strong>Mi piace<\/strong><strong>\u00a0su Facebook<\/strong>,\u00a0<strong>Twitter, Pinterest<\/strong>\u00a0e\u00a0<strong>Google plus<\/strong><\/p>\n<p><img loading=\"lazy\" decoding=\"async\" class=\"alignnone size-medium wp-image-5788\" src=\"http:\/\/artcontest.biancoscuro.it\/site\/wp-content\/uploads\/2017\/06\/SCHIFANo-Rome--300x300.jpg\" alt=\"biancoscuro art contest - biancoscuro art magazine\" width=\"300\" height=\"300\" srcset=\"https:\/\/artcontest.biancoscuro.it\/site\/wp-content\/uploads\/2017\/06\/SCHIFANo-Rome--300x300.jpg 300w, https:\/\/artcontest.biancoscuro.it\/site\/wp-content\/uploads\/2017\/06\/SCHIFANo-Rome--150x150.jpg 150w, https:\/\/artcontest.biancoscuro.it\/site\/wp-content\/uploads\/2017\/06\/SCHIFANo-Rome--768x768.jpg 768w, https:\/\/artcontest.biancoscuro.it\/site\/wp-content\/uploads\/2017\/06\/SCHIFANo-Rome-.jpg 1024w\" sizes=\"auto, (max-width: 300px) 100vw, 300px\" \/><\/p>\n","protected":false},"excerpt":{"rendered":"<p>Rome 50&#215;50 cm Digital photo 2016 Paolo Schifano \u00a0(Roma \u00a0&#8211; Italy)\u00a0, nasce a Trapani. Affascinato dalla sua terra e dalla sua gente approfondisce tematiche imperniate sull\u2019uomo e sull\u2019evoluzione della societ\u00e0.<a href=\"https:\/\/artcontest.biancoscuro.it\/site\/paolo-schifano\/\">&#8230;Read More<\/a><\/p>\n","protected":false},"author":1,"featured_media":5788,"comment_status":"closed","ping_status":"closed","sticky":false,"template":"","format":"image","meta":{"advanced_seo_description":"","jetpack_seo_html_title":"","jetpack_seo_noindex":false,"_jetpack_memberships_contains_paid_content":false,"footnotes":""},"categories":[6],"tags":[],"class_list":["post-5802","post","type-post","status-publish","format-image","has-post-thumbnail","hentry","category-fotografia-photography","post_format-post-format-image"],"jetpack_featured_media_url":"https:\/\/artcontest.biancoscuro.it\/site\/wp-content\/uploads\/2017\/06\/SCHIFANo-Rome-.jpg","jetpack_sharing_enabled":true,"jetpack_likes_enabled":false,"_links":{"self":[{"href":"https:\/\/artcontest.biancoscuro.it\/site\/wp-json\/wp\/v2\/posts\/5802","targetHints":{"allow":["GET"]}}],"collection":[{"href":"https:\/\/artcontest.biancoscuro.it\/site\/wp-json\/wp\/v2\/posts"}],"about":[{"href":"https:\/\/artcontest.biancoscuro.it\/site\/wp-json\/wp\/v2\/types\/post"}],"author":[{"embeddable":true,"href":"https:\/\/artcontest.biancoscuro.it\/site\/wp-json\/wp\/v2\/users\/1"}],"replies":[{"embeddable":true,"href":"https:\/\/artcontest.biancoscuro.it\/site\/wp-json\/wp\/v2\/comments?post=5802"}],"version-history":[{"count":1,"href":"https:\/\/artcontest.biancoscuro.it\/site\/wp-json\/wp\/v2\/posts\/5802\/revisions"}],"predecessor-version":[{"id":5803,"href":"https:\/\/artcontest.biancoscuro.it\/site\/wp-json\/wp\/v2\/posts\/5802\/revisions\/5803"}],"wp:featuredmedia":[{"embeddable":true,"href":"https:\/\/artcontest.biancoscuro.it\/site\/wp-json\/wp\/v2\/media\/5788"}],"wp:attachment":[{"href":"https:\/\/artcontest.biancoscuro.it\/site\/wp-json\/wp\/v2\/media?parent=5802"}],"wp:term":[{"taxonomy":"category","embeddable":true,"href":"https:\/\/artcontest.biancoscuro.it\/site\/wp-json\/wp\/v2\/categories?post=5802"},{"taxonomy":"post_tag","embeddable":true,"href":"https:\/\/artcontest.biancoscuro.it\/site\/wp-json\/wp\/v2\/tags?post=5802"}],"curies":[{"name":"wp","href":"https:\/\/api.w.org\/{rel}","templated":true}]}}