{"id":6643,"date":"2018-01-26T12:44:26","date_gmt":"2018-01-26T11:44:26","guid":{"rendered":"http:\/\/artcontest.biancoscuro.it\/site\/?p=6643"},"modified":"2018-05-22T01:26:41","modified_gmt":"2018-05-21T23:26:41","slug":"fabio-batocchi-3","status":"publish","type":"post","link":"https:\/\/artcontest.biancoscuro.it\/site\/fabio-batocchi-3\/","title":{"rendered":"Fabio Batocchi"},"content":{"rendered":"<p>Senza titolo<br \/>\n28x28cm montata su passepartout e cornice 40x40cm<br \/>\nFotografia digitale<br \/>\n2018<\/p>\n<p><strong>Vote for this artwork!<\/strong>\u00a0Please click\u00a0<strong>Facebook like<\/strong>,\u00a0<strong>Twitter, Pinterest<\/strong>\u00a0and\u00a0<strong>Google plus<\/strong><br \/>\n<strong>Vota questa opera!\u00a0<\/strong>Clicca\u00a0<strong>Mi piace<\/strong><strong>\u00a0su Facebook<\/strong>,\u00a0<strong>Twitter, Pinterest<\/strong>\u00a0e\u00a0<strong>Google plus<\/strong><\/p>\n<p><img loading=\"lazy\" decoding=\"async\" class=\"alignnone size-full wp-image-1001\" src=\"http:\/\/artcontest.biancoscuro.it\/site\/wp-content\/uploads\/2015\/03\/linette1.jpg\" alt=\"linette1\" width=\"500\" height=\"22\" srcset=\"https:\/\/artcontest.biancoscuro.it\/site\/wp-content\/uploads\/2015\/03\/linette1.jpg 500w, https:\/\/artcontest.biancoscuro.it\/site\/wp-content\/uploads\/2015\/03\/linette1-300x13.jpg 300w\" sizes=\"auto, (max-width: 500px) 100vw, 500px\" \/><\/p>\n<p><strong> Fabio Batocchi <\/strong>\u00a0(Perugia <em>\u00a0&#8211; Italy)\u00a0<\/em>.\u00a0Nato a Perugia nel 1970, sono un ingegnere elettronico. La fotografia, quindi, non \u00e8 il mio lavoro, ma \u00e8 la passione che amo e coltivo fin da piccolo. Alle Scuole Medie gi\u00e0 studiavo la reflex e scattavo con una compattina di plastica ricevuta in dono da mio padre, dal quale ho appreso anche i primi rudimenti di tecnica.<br \/>\nA partire dall\u2019adolescenza iniziai il mio percorso formativo da autodidatta, studiando i lavori di fotografi importanti. Dopo i primi anni di semplici foto ricordo, passai a scattare in modo pi\u00f9 \u201cconsapevole\u201d dai 18 anni in poi, quando ricevetti la mia prima reflex: una Practica MTL5B equipaggiata con uno splendido obiettivo Pentacon 50mm f1.8, che ancora possiedo.<br \/>\nRimasto colpito dai lavori e dalla tecnica del grande Ansel Adams, il mio primo approccio fu la fotografia paesaggistica, in diapositiva e in negativo bianco e nero. Non possedevo una camera oscura , ma potei sfruttare qualche volta l\u2019attrezzatura presente nella scuola di mio padre.<br \/>\nNel corso degli anni, la continua ricerca e curiosit\u00e0 hanno maturato il mio stile e l\u2019interesse verso altri generi fotografici, passando per lo still life, la foto naturalistica e, pi\u00f9 di recente l\u2019astratto e il concettuale. Questi ultimi, mi permettono di esprimere appieno la mia personale visione di fotografia, intesa pi\u00f9 come forma artistica piuttosto che come mezzo documentaristico.<br \/>\nCome molti altri fotografi, nei primi anni 2000 sono passato al digitale, per avere un maggiore controllo su tutto il processo fotografico. Fin da subito, infatti, ho curato personalmente l\u2019editing in Photoshop. Di recente ho parzialmente fatto un passo indietro, rispolverando l\u2019attrezzatura analogica e riscoprendo anche il piacere e la magia della camera oscura.<br \/>\nDal 2006 ho iniziato un percorso all\u2019interno delle associazioni fotografiche, iscrivendomi alla UIF (Unione Italiana Fotoamatori). Dal 2015 sono anche membro della GPU (Global Photographic Union).<br \/>\nDa diversi anni ho la fortuna di condividere la mia passione e, quindi il tempo libero, con mia moglie Elena, anch\u2019essa fotografa. Insieme abbiamo realizzato diversi lavori a quattro mani.<br \/>\nConsidero la fotografia un mezzo per esprimere pensieri ed emozioni. Sono un osservatore ed un ascoltatore, e siccome non amo molto chiaccherare, lascio che a parlare siano i miei scatti.<br \/>\nUtilizzo fotocamere reflex Pentax e Practica con obiettivi Pentax, Pentacon, Sigma, Tamron e russi. Ho varie lunghezze focali, ma il mio preferito resta sempre il 50mm. Possiedo anche una macchina biottica medio formato Yashica MAT-124G.<br \/>\nPer molti sembrer\u00e0 \u201cun\u2019eresia\u201d, ma ultimamente ho rivolto l\u2019attenzione anche alle fotocamere presenti nei cellulari e tablet. Per me non \u00e8 importante l\u2019attrezzatura che si utilizza, ma esclusivamente il risultato finale: la fotografia e il suo messaggio.<\/p>\n<p><a href=\"http:\/\/artcontest.biancoscuro.it\/site\/wp-content\/uploads\/2015\/03\/linette2.jpg\"><img loading=\"lazy\" decoding=\"async\" class=\"alignnone size-full wp-image-1000\" src=\"http:\/\/artcontest.biancoscuro.it\/site\/wp-content\/uploads\/2015\/03\/linette2.jpg\" alt=\"linette2\" width=\"500\" height=\"21\" srcset=\"https:\/\/artcontest.biancoscuro.it\/site\/wp-content\/uploads\/2015\/03\/linette2.jpg 500w, https:\/\/artcontest.biancoscuro.it\/site\/wp-content\/uploads\/2015\/03\/linette2-300x13.jpg 300w\" sizes=\"auto, (max-width: 500px) 100vw, 500px\" \/><\/a><\/p>\n<p><strong>Vote for this artwork!<\/strong>\u00a0Please click\u00a0<strong>Facebook like<\/strong>,\u00a0<strong>Twitter, Pinterest<\/strong>\u00a0and\u00a0<strong>Google plus<\/strong><br \/>\n<strong>Vota questa opera!\u00a0<\/strong>Clicca\u00a0<strong>Mi piace<\/strong><strong>\u00a0su Facebook<\/strong>,\u00a0<strong>Twitter, Pinterest<\/strong>\u00a0e\u00a0<strong>Google plus<\/strong><\/p>\n<p><img loading=\"lazy\" decoding=\"async\" class=\"alignnone size-medium wp-image-6634\" src=\"http:\/\/artcontest.biancoscuro.it\/site\/wp-content\/uploads\/2018\/01\/BATOCCHI-foto00273-300x300.jpg\" alt=\"\" width=\"300\" height=\"300\" srcset=\"https:\/\/artcontest.biancoscuro.it\/site\/wp-content\/uploads\/2018\/01\/BATOCCHI-foto00273-300x300.jpg 300w, https:\/\/artcontest.biancoscuro.it\/site\/wp-content\/uploads\/2018\/01\/BATOCCHI-foto00273-150x150.jpg 150w, https:\/\/artcontest.biancoscuro.it\/site\/wp-content\/uploads\/2018\/01\/BATOCCHI-foto00273-768x768.jpg 768w, https:\/\/artcontest.biancoscuro.it\/site\/wp-content\/uploads\/2018\/01\/BATOCCHI-foto00273.jpg 1000w\" sizes=\"auto, (max-width: 300px) 100vw, 300px\" \/><\/p>\n","protected":false},"excerpt":{"rendered":"<p>Senza titolo 28x28cm montata su passepartout e cornice 40x40cm Fotografia digitale 2018 Vote for this artwork!\u00a0Please click\u00a0Facebook like,\u00a0Twitter, Pinterest\u00a0and\u00a0Google plus Vota questa opera!\u00a0Clicca\u00a0Mi piace\u00a0su Facebook,\u00a0Twitter, Pinterest\u00a0e\u00a0Google plus Fabio Batocchi \u00a0(Perugia<a href=\"https:\/\/artcontest.biancoscuro.it\/site\/fabio-batocchi-3\/\">&#8230;Read More<\/a><\/p>\n","protected":false},"author":1,"featured_media":6634,"comment_status":"closed","ping_status":"closed","sticky":false,"template":"","format":"image","meta":{"advanced_seo_description":"","jetpack_seo_html_title":"","jetpack_seo_noindex":false,"_jetpack_memberships_contains_paid_content":false,"footnotes":""},"categories":[15,6],"tags":[],"class_list":["post-6643","post","type-post","status-publish","format-image","has-post-thumbnail","hentry","category-bac-winter-edition","category-fotografia-photography","post_format-post-format-image"],"jetpack_featured_media_url":"https:\/\/artcontest.biancoscuro.it\/site\/wp-content\/uploads\/2018\/01\/BATOCCHI-foto00273.jpg","jetpack_sharing_enabled":true,"jetpack_likes_enabled":false,"_links":{"self":[{"href":"https:\/\/artcontest.biancoscuro.it\/site\/wp-json\/wp\/v2\/posts\/6643","targetHints":{"allow":["GET"]}}],"collection":[{"href":"https:\/\/artcontest.biancoscuro.it\/site\/wp-json\/wp\/v2\/posts"}],"about":[{"href":"https:\/\/artcontest.biancoscuro.it\/site\/wp-json\/wp\/v2\/types\/post"}],"author":[{"embeddable":true,"href":"https:\/\/artcontest.biancoscuro.it\/site\/wp-json\/wp\/v2\/users\/1"}],"replies":[{"embeddable":true,"href":"https:\/\/artcontest.biancoscuro.it\/site\/wp-json\/wp\/v2\/comments?post=6643"}],"version-history":[{"count":1,"href":"https:\/\/artcontest.biancoscuro.it\/site\/wp-json\/wp\/v2\/posts\/6643\/revisions"}],"predecessor-version":[{"id":6644,"href":"https:\/\/artcontest.biancoscuro.it\/site\/wp-json\/wp\/v2\/posts\/6643\/revisions\/6644"}],"wp:featuredmedia":[{"embeddable":true,"href":"https:\/\/artcontest.biancoscuro.it\/site\/wp-json\/wp\/v2\/media\/6634"}],"wp:attachment":[{"href":"https:\/\/artcontest.biancoscuro.it\/site\/wp-json\/wp\/v2\/media?parent=6643"}],"wp:term":[{"taxonomy":"category","embeddable":true,"href":"https:\/\/artcontest.biancoscuro.it\/site\/wp-json\/wp\/v2\/categories?post=6643"},{"taxonomy":"post_tag","embeddable":true,"href":"https:\/\/artcontest.biancoscuro.it\/site\/wp-json\/wp\/v2\/tags?post=6643"}],"curies":[{"name":"wp","href":"https:\/\/api.w.org\/{rel}","templated":true}]}}