{"id":7610,"date":"2018-06-07T20:20:48","date_gmt":"2018-06-07T18:20:48","guid":{"rendered":"https:\/\/artcontest.biancoscuro.it\/site\/?p=7610"},"modified":"2018-06-07T20:20:48","modified_gmt":"2018-06-07T18:20:48","slug":"federica-marin-2","status":"publish","type":"post","link":"https:\/\/artcontest.biancoscuro.it\/site\/federica-marin-2\/","title":{"rendered":"Federica Marin"},"content":{"rendered":"<p>IDENTITA\u2019 CONTEMPORANEE<br \/>\n60X80<br \/>\nFOTOGRAFIA DIGITALE<br \/>\n2018<br \/>\n&#8211;<br \/>\n<img loading=\"lazy\" decoding=\"async\" class=\"alignno ne size-full wp-image-1001\" src=\"http:\/\/artcontest.biancoscuro.it\/site\/wp-content\/uploads\/2015\/03\/linette1.jpg\" alt=\"linette1\" width=\"500\" height=\"22\" srcset=\"https:\/\/artcontest.biancoscuro.it\/site\/wp-content\/uploads\/2015\/03\/linette1.jpg 500w, https:\/\/artcontest.biancoscuro.it\/site\/wp-content\/uploads\/2015\/03\/linette1-300x13.jpg 300w\" sizes=\"auto, (max-width: 500px) 100vw, 500px\" \/><\/p>\n<p><strong> Federica Marin <\/strong>(Udine\u00a0<em>\u00a0&#8211; Italy)<\/em>.<\/p>\n<p>Laurea in Architettura e Phd in Ingegneria civile e ambientale, giornalista della Federazione Internazionale del Turismo (F.I.J.E.T.), socio fondatore della Onlus WomenInternational e ricercatrice in ambito accademico.<br \/>\nHa acquisito una solida formazione negli studi artistici, nella grafica pubblicitaria e nella fotografia ottenendo in questi settori importanti riconoscimenti.<br \/>\nAlla ricerca didattica-architettonica ha sviluppato in parallelo un percorso artistico personale sulla percezione visiva attraverso l\u2019uso della macchina fotografica. Lo studio della tecnica fotografica iniziato in giovane et\u00e0, alle scuole superiori, si \u00e8 sviluppato successivamente con corsi professionali e workshop al Politecnico di Milano con maestri di settore come Piero Pozzi, Roberta Valtorta, Guido Guidi, Giovanni Chiaromonte, Mario Cresci, Paolo Rosselli.<br \/>\nAttraverso attente riprese fotografiche e la loro successiva rielaborazione in studio l\u2019artista compie una trasfigurazione dell\u2019immagine colta del paesaggio, sia naturale sia antropizzato. Gli elementi visivi compongono ritmi autonomi dal reale fino a sfiorare l\u2019astrazione e le fotografie sembrano intrise di morbida sostanza pittorica.<br \/>\nI differenti temi affrontati negli anni (paesaggio, natura, citt\u00e0, culture, moda, ecc..) rappresentano, comunque, dei passaggi emotivi di ricerca profonda sul significato dell\u2019immagine ripresa e dei processi e sentimenti richiamati. La realt\u00e0 viene ribaltata nel suo riflesso in un gioco illusorio e ingannevole di apparenze, in un riverberarsi di specchi. Pare quasi che l\u2019autrice, pi\u00f9 che guardare all\u2019esterno, si raccolga in se stessa a cercare una fantastica verit\u00e0 segreta che gli impasti di trame visive definite da campiture cromatiche a contrasto hanno il compito soltanto di suggerire. I paesaggi ripresi si contaminano, cambiano il loro volto e i soggetti oltrepassano il \u201cconfine del reale\u201d creando un\u2019estetica fortemente impattante. A queste visioni l\u2019artista consegna la sua vibrante tensione al sogno. Lo spazio per Federica Marin \u00e8 continua ricerca, analisi e scomposizione delle forme, \u00e8 sensuale tattilit\u00e0.<br \/>\nLa produzione fotografica \u00e8 fortemente impressionata da una cultura ed una filosofia d\u2019ampio spessore, ma non rifugge da un\u2019appartenenza paesaggistica che \u00e8 pretesto, comunque reale punto di riferimento, quanto meno a livello d\u2019ispirazione (L. Damiani).<br \/>\nL\u2019artista ha approfondito questi percorsi artistici anche attraverso numerosi viaggi di studio in diversi paesi e continenti, oltre alle capitali europee, alla ricerca di nuove dimensioni e insolite prospettive. Numerosi sono, infatti, i viaggi in Europa, in India, in America, nel Medio Oriente, in Russia, in Cina, in Mozambico e nel nord Africa. Alla stampa tradizionale su carta fotografica sia in b\/n che a colori si affianca la ricerca digitale su tela di grande formato e su supporti plastici.<br \/>\nHa esposto in diverse personali e collettive in Italia e all\u2019estero, ricordiamo tra le mostre degli ultimi anni: a Palazzo Reale di Budapest; alla Rotonda del Metro Hall di Toronto (Canada); alle Fiere di Forte dei Marmi, di Forl\u00ec, di Bologna, di Padova e Perugia; la partecipazione tra gli eventi collaterali alla 53 Biennale Arte di Venezia; a Cortina d\u2019Ampezzo; al Centro Culturale di Sciacca di Agrigento; alla Villa Manin di Passariano (Ud); alla Casa della Contadinanza del Castello di Udine; alla Galleria Artime di Udine; al XVIII Salone d\u2019Inverno a Barcellona, Spagna; all\u2019 \u201cInternational Art Exhibition\u201d a Miami nel 2015 e nel 2016 con il sostegno ed il patrocinio del Consolato Generale d\u2019Italia a Miami a cura di Spoleto Arte; all\u2019EXPO\u2019 di Milano nel 2015; alla mostra \u201cLondon Calling\u201d nella Crypt Gallery, nel cuore di Londra nel 2016; alla \u201cPro Biennale\u201d di Venezia, a cura di Vittorio Sgarbi, nel 2016 e nel 2017; alle \u201cOlimpiadi dell\u2019Arte\u201d a Rio nel 2016 durante le Olimpiadi e a Montecarlo con il \u201cPremio Montecarlo\u201d a cura di Spoleto Arte. Del 2016 sono anche le esposizioni a Roma \u201cRoma Calling\u201d, alla Fondazioni Venanzo Crocetti, e a Venezia con \u201cSpoleto Arte incontra Venezia\u201d, entrambe a cura di Vittorio Sgarbi con Spoleto Arte.<br \/>\nNel 2017 ricordiamo la partecipazione alle seguenti esposizioni internazionali: al MIIT di Torino con le due collettive \u201cTorino Capitale Europea del Turismo 2017\u201d e \u201cInternazionale Italia Arte\u201d; al \u201cFestival dell\u2019Arte\u201d a Sanremo, in concomitanza con il Festival della Canzone; \u201cEsperienze visive\u201d alla Galleria Mamo, durante il Salone del Mobile a Milano; all\u2019Ipso Arts Gallery di Perugia con la collettiva \u201cPerugia Contemporanea\u201d; all\u2019 Esposizione Triennale di Arti Visive \u201cAeterna\u201d a Roma, a cura di Gianni Dunil ; alla collettiva \u201cSpoleto Arte incontra New York\u201d a New York; alla mostra internazionale a Spoleto \u201cSpoleto Arte\u201d in concomitanza con il Festival dei 2 Mondi; alla Biennale Internazionale d\u2019Arte a Milano; alla collettiva della Galleria del Centro nella Citt\u00e0 di Padova; alla Mostra Internazionale d\u2019Arte \u201cGrazie Italia\u201d, a cura di Stefania Pieralice, Gianni Dunil e la speciale partecipazione di Daniele Radini Tedeschi, Palazzo Albrizzi Capello a Venezia; \u201cArte in viaggio nel Regno delle 2 Sicilie\u201d a Palermo; a \u201cRomart 2017\u201d, presso lo Stadio di Domiziano a Roma e l\u2019importante personale nel 2018 nel centro della capitale presso l\u2019Hotel Piram.<br \/>\nRicordiamo anche l\u2019importante partecipazione dell\u2019artista alla \u201cInternational Biennial of Contemporary Art\u201d alla 33 Contemporary Gallery Zhou Brothers Art Center Foundation di Chicago, la presenza alla \u201cPro Biennale\u201d di Venezia del 2018 e la collettiva \u201cSconfini\u201d sempre a Venezia entrambe a cura di Vittorio Sgarbi.<br \/>\nHa vinto premi nazionali ed internazionali come il \u201cPremio alla carriera\u201d IV ed., dall\u2019 Ass. Galleria Centro Storico di Firenze nel 2014, il \u201cPremio Monte Carlo\u201d a Monte Carlo nel 2016, il Premio \u201cMargherita Hack\u201d a Spoleto e il premio \u201cBiennale Milano International Art Meeting\u201d a Milano entrambi nel 2017.<br \/>\nLa sua opera \u00e8 presente dal 2013 sul CAM della Mondadori e su altri cataloghi nazionali, come \u201cCollezione Arte Contemporanea\u201d ed. Sea Italia, \u201cScrivendo d\u2019Arte\u201d appunti di arte figurativa in Friuli Venezia Giulia e \u201cFotografi in Toscana\u201d a cura di Toscana Cultura. Significativa anche la presenza dell\u2019artista, come unica fotografa, su uno speciale magazine per la Russia e il nord d\u2019Europa sulle eccellenze italiane (Orizzonte Italia 2017) e sullo speciale Cahier d\u2019Art del 2018 della rivista Arte della Mondadori. La sua produzione artistica sar\u00e0 descritta in dettaglio anche sull\u2019Atlante dell\u2019Arte Contemporanea della De Agostini, in uscita a fine 2018.<br \/>\nCritici, storici e giornalisti che si sono occupati dell\u2019artista: Licio Damiani, Isabella Deganis, Vito Sutto, Giancarlo Biasco, Natale Zaccuri, Gianfranco Ellero, Renato Manera, Elena Viotto, Fabrizio Borghini, Michela Zanutto, Elena Gollini, Alberto D\u2019Atanasio e Vittorio Sgarbi.<br \/>\nLavora a Udine come architetto, ricercatrice in ambito accademico, giornalista e fotografa d\u2019arte.<\/p>\n<p><a href=\"http:\/\/artcontest.biancoscuro.it\/site\/wp-content\/uploads\/2015\/03\/linette2.jpg\"><img loading=\"lazy\" decoding=\"async\" class=\"alignnone size-full wp-image-1000\" src=\"http:\/\/artcontest.biancoscuro.it\/site\/wp-content\/uploads\/2015\/03\/linette2.jpg\" alt=\"linette2\" width=\"500\" height=\"21\" srcset=\"https:\/\/artcontest.biancoscuro.it\/site\/wp-content\/uploads\/2015\/03\/linette2.jpg 500w, https:\/\/artcontest.biancoscuro.it\/site\/wp-content\/uploads\/2015\/03\/linette2-300x13.jpg 300w\" sizes=\"auto, (max-width: 500px) 100vw, 500px\" \/><\/a><\/p>\n<p><strong>Vote for this artwork!<\/strong>\u00a0Please click\u00a0<strong>Facebook like<\/strong>,\u00a0<strong>Twitter, Pinterest<\/strong>\u00a0and\u00a0<strong>Google plus<\/strong><br \/>\n<strong>Vota questa opera!\u00a0<\/strong>Clicca\u00a0<strong>Mi piace<\/strong><strong>\u00a0su Facebook<\/strong>,\u00a0<strong>Twitter, Pinterest<\/strong>\u00a0e\u00a0<strong>Google plus<\/strong><\/p>\n<p><img loading=\"lazy\" decoding=\"async\" class=\"alignnone size-full wp-image-7612\" src=\"https:\/\/artcontest.biancoscuro.it\/site\/wp-content\/uploads\/2018\/06\/IDENTITA-CONTEMPORANEE.jpg\" alt=\"\" width=\"1000\" height=\"1250\" srcset=\"https:\/\/artcontest.biancoscuro.it\/site\/wp-content\/uploads\/2018\/06\/IDENTITA-CONTEMPORANEE.jpg 1000w, https:\/\/artcontest.biancoscuro.it\/site\/wp-content\/uploads\/2018\/06\/IDENTITA-CONTEMPORANEE-240x300.jpg 240w, https:\/\/artcontest.biancoscuro.it\/site\/wp-content\/uploads\/2018\/06\/IDENTITA-CONTEMPORANEE-768x960.jpg 768w, https:\/\/artcontest.biancoscuro.it\/site\/wp-content\/uploads\/2018\/06\/IDENTITA-CONTEMPORANEE-819x1024.jpg 819w, https:\/\/artcontest.biancoscuro.it\/site\/wp-content\/uploads\/2018\/06\/IDENTITA-CONTEMPORANEE-450x563.jpg 450w, https:\/\/artcontest.biancoscuro.it\/site\/wp-content\/uploads\/2018\/06\/IDENTITA-CONTEMPORANEE-600x750.jpg 600w\" sizes=\"auto, (max-width: 1000px) 100vw, 1000px\" \/><\/p>\n","protected":false},"excerpt":{"rendered":"<p>IDENTITA\u2019 CONTEMPORANEE 60X80 FOTOGRAFIA DIGITALE 2018 &#8211; Federica Marin (Udine\u00a0\u00a0&#8211; Italy). Laurea in Architettura e Phd in Ingegneria civile e ambientale, giornalista della Federazione Internazionale del Turismo (F.I.J.E.T.), socio fondatore<a href=\"https:\/\/artcontest.biancoscuro.it\/site\/federica-marin-2\/\">&#8230;Read More<\/a><\/p>\n","protected":false},"author":1,"featured_media":7612,"comment_status":"closed","ping_status":"closed","sticky":false,"template":"","format":"image","meta":{"advanced_seo_description":"","jetpack_seo_html_title":"","jetpack_seo_noindex":false,"_jetpack_memberships_contains_paid_content":false,"footnotes":""},"categories":[6],"tags":[],"class_list":["post-7610","post","type-post","status-publish","format-image","has-post-thumbnail","hentry","category-fotografia-photography","post_format-post-format-image"],"jetpack_featured_media_url":"https:\/\/artcontest.biancoscuro.it\/site\/wp-content\/uploads\/2018\/06\/IDENTITA-CONTEMPORANEE.jpg","jetpack_sharing_enabled":true,"jetpack_likes_enabled":false,"_links":{"self":[{"href":"https:\/\/artcontest.biancoscuro.it\/site\/wp-json\/wp\/v2\/posts\/7610","targetHints":{"allow":["GET"]}}],"collection":[{"href":"https:\/\/artcontest.biancoscuro.it\/site\/wp-json\/wp\/v2\/posts"}],"about":[{"href":"https:\/\/artcontest.biancoscuro.it\/site\/wp-json\/wp\/v2\/types\/post"}],"author":[{"embeddable":true,"href":"https:\/\/artcontest.biancoscuro.it\/site\/wp-json\/wp\/v2\/users\/1"}],"replies":[{"embeddable":true,"href":"https:\/\/artcontest.biancoscuro.it\/site\/wp-json\/wp\/v2\/comments?post=7610"}],"version-history":[{"count":1,"href":"https:\/\/artcontest.biancoscuro.it\/site\/wp-json\/wp\/v2\/posts\/7610\/revisions"}],"predecessor-version":[{"id":7616,"href":"https:\/\/artcontest.biancoscuro.it\/site\/wp-json\/wp\/v2\/posts\/7610\/revisions\/7616"}],"wp:featuredmedia":[{"embeddable":true,"href":"https:\/\/artcontest.biancoscuro.it\/site\/wp-json\/wp\/v2\/media\/7612"}],"wp:attachment":[{"href":"https:\/\/artcontest.biancoscuro.it\/site\/wp-json\/wp\/v2\/media?parent=7610"}],"wp:term":[{"taxonomy":"category","embeddable":true,"href":"https:\/\/artcontest.biancoscuro.it\/site\/wp-json\/wp\/v2\/categories?post=7610"},{"taxonomy":"post_tag","embeddable":true,"href":"https:\/\/artcontest.biancoscuro.it\/site\/wp-json\/wp\/v2\/tags?post=7610"}],"curies":[{"name":"wp","href":"https:\/\/api.w.org\/{rel}","templated":true}]}}