{"id":7624,"date":"2018-06-11T00:33:33","date_gmt":"2018-06-10T22:33:33","guid":{"rendered":"https:\/\/artcontest.biancoscuro.it\/site\/?p=7624"},"modified":"2018-06-11T00:33:33","modified_gmt":"2018-06-10T22:33:33","slug":"joy-caloc","status":"publish","type":"post","link":"https:\/\/artcontest.biancoscuro.it\/site\/joy-caloc\/","title":{"rendered":"Joy Caloc"},"content":{"rendered":"<p>Libres<br \/>\n60&#215;80 cm<br \/>\nAcrylique sur toile<br \/>\n2017<br \/>\n&#8211;<br \/>\n<img loading=\"lazy\" decoding=\"async\" class=\"alignno ne size-full wp-image-1001\" src=\"http:\/\/artcontest.biancoscuro.it\/site\/wp-content\/uploads\/2015\/03\/linette1.jpg\" alt=\"linette1\" width=\"500\" height=\"22\" srcset=\"https:\/\/artcontest.biancoscuro.it\/site\/wp-content\/uploads\/2015\/03\/linette1.jpg 500w, https:\/\/artcontest.biancoscuro.it\/site\/wp-content\/uploads\/2015\/03\/linette1-300x13.jpg 300w\" sizes=\"auto, (max-width: 500px) 100vw, 500px\" \/><\/p>\n<p><strong> Joy Caloc <\/strong>(Paris\u00a0<em>\u00a0&#8211; France)<\/em>.<br \/>\nChaque \u0153uvre g\u00e9n\u00e9r\u00e9e est un appel, un th\u00e8me, une accroche, un message.<br \/>\nL&#8217;Art n&#8217;est pas une d\u00e9coration. Il est une R\u00e9volution. Il est vivant. Bien-s\u00fbr que cela doit \u00eatre superbe \u00e0 mes yeux, mais c&#8217;est avant tout un message visuel et plastique que je pr\u00e9sente \u00e0 une foule ou au c\u0153ur m\u00eame d&#8217;une personne. Cela doit accrocher quelque chose \u00e0 l&#8217;int\u00e9rieur (ART VELKRO) et g\u00e9n\u00e9rer une extr\u00eame admiration ou un extr\u00eame rejet de ce que l\u2019on voit sur l\u2019\u0153uvre d\u2019Art.<br \/>\nAu travers du Beau \u00e9manent de toute la Cr\u00e9ation, j\u2019aide notre public \u00e0 s\u2019\u00e9chapper des r\u00e9alit\u00e9s de son pr\u00e9sent pour en trouver sa propre d\u00e9livrance. Les couleurs sont choisies en fonction de l\u2019\u00e9motion voulue sur la toile, et recherch\u00e9es dans le style de trait qui y correspond. Parfois inspir\u00e9e des impressionnistes, parfois du Pop Art, soudainement figuratif et rarement r\u00e9aliste, il n\u2019est aucune \u0153uvre qui ne soit tortur\u00e9e \u00e0 l\u2019extr\u00eame beaut\u00e9 de ce talent qui m\u00e9lange tout pour produire du NOUVEAU.<\/p>\n<p>Apr\u00e8s avoir pass\u00e9 une enfance enti\u00e8re \u00e0 visiter les recoins de Notre Dame de Paris pendant que ma m\u00e8re travaillait comme infirmi\u00e8re \u00e0 l\u2019H\u00f4tel Dieu durant 15 ann\u00e9es de sa carri\u00e8re ; \u00e9duqu\u00e9e par le livre de Victor Hugo, dont la philosophie pensante ne cherchait que la libert\u00e9 dans le c\u0153ur des peuples d\u2019antan ; et suites aux attentats, ayant pass\u00e9 l\u2019\u00e9t\u00e9 2015 \u00e0 dessiner des portraits sur les quais de Seine pour garder la survie de mon m\u00e9tier de peintre et de notre culture parisienne ; j\u2019apprenais courant 2016 le besoin de Notre Dame pour sa restauration. La Charpente r\u00e9clamait 150 millions d\u2019euros, elle s\u2019effritait.<br \/>\nJ\u2019ai eu l\u2019envie de propager l\u2019id\u00e9e en France via mes r\u00e9seaux sociaux habituels que nos monuments et plus encore le c\u0153ur de Notre Dame de Paris devaient dor\u00e9navant \u00eatre restaur\u00e9s pour restaurer le c\u0153ur de la Culture fran\u00e7aise, tr\u00e8s fortement m\u00e9pris\u00e9e durant ces temps contemporains.<br \/>\nEtant cordialement invit\u00e9e \u00e0 exposer sur les plus grands lieux de la Capitale, via mon r\u00e9seau du show business et celui des entrepreneurs, j\u2019acceptais volontiers de pr\u00e9senter cette \u0153uvre de fa\u00e7on \u00e0 obtenir une partie de son financement pour la restauration premi\u00e8re de Notre Dame.<br \/>\nJ\u2019y avais pos\u00e9 des touches des pinceaux de Toulouse-Lautrec, Matisse, Pissarro, Van Gogh afin que l\u2019\u00e2me de nos peintres du 19\u00e8me si\u00e8cle soient r\u00e9g\u00e9n\u00e9r\u00e9s avec la mienne, apportant la joie de voir un tel spectacle sous une Tour d\u2019Argent. Le si\u00e8cle des lumi\u00e8res s\u2019effondrant de la m\u00eame fa\u00e7on, j\u2019y peignais une vision de lumi\u00e8re sous forme de pointillismes d\u2019or dans le ciel de ce tableau.<\/p>\n<p><a href=\"http:\/\/artcontest.biancoscuro.it\/site\/wp-content\/uploads\/2015\/03\/linette2.jpg\"><img loading=\"lazy\" decoding=\"async\" class=\"alignnone size-full wp-image-1000\" src=\"http:\/\/artcontest.biancoscuro.it\/site\/wp-content\/uploads\/2015\/03\/linette2.jpg\" alt=\"linette2\" width=\"500\" height=\"21\" srcset=\"https:\/\/artcontest.biancoscuro.it\/site\/wp-content\/uploads\/2015\/03\/linette2.jpg 500w, https:\/\/artcontest.biancoscuro.it\/site\/wp-content\/uploads\/2015\/03\/linette2-300x13.jpg 300w\" sizes=\"auto, (max-width: 500px) 100vw, 500px\" \/><\/a><\/p>\n<p><strong>Vote for this artwork!<\/strong>\u00a0Please click\u00a0<strong>Facebook like<\/strong>,\u00a0<strong>Twitter, Pinterest<\/strong>\u00a0and\u00a0<strong>Google plus<\/strong><br \/>\n<strong>Vota questa opera!\u00a0<\/strong>Clicca\u00a0<strong>Mi piace<\/strong><strong>\u00a0su Facebook<\/strong>,\u00a0<strong>Twitter, Pinterest<\/strong>\u00a0e\u00a0<strong>Google plus<\/strong><\/p>\n<p><img loading=\"lazy\" decoding=\"async\" class=\"alignnone size-medium wp-image-7626\" src=\"https:\/\/artcontest.biancoscuro.it\/site\/wp-content\/uploads\/2018\/06\/Libres-300x225.jpg\" alt=\"\" width=\"300\" height=\"225\" srcset=\"https:\/\/artcontest.biancoscuro.it\/site\/wp-content\/uploads\/2018\/06\/Libres-300x225.jpg 300w, https:\/\/artcontest.biancoscuro.it\/site\/wp-content\/uploads\/2018\/06\/Libres-768x577.jpg 768w, https:\/\/artcontest.biancoscuro.it\/site\/wp-content\/uploads\/2018\/06\/Libres-450x338.jpg 450w, https:\/\/artcontest.biancoscuro.it\/site\/wp-content\/uploads\/2018\/06\/Libres-600x451.jpg 600w, https:\/\/artcontest.biancoscuro.it\/site\/wp-content\/uploads\/2018\/06\/Libres.jpg 800w\" sizes=\"auto, (max-width: 300px) 100vw, 300px\" \/><\/p>\n","protected":false},"excerpt":{"rendered":"<p>Libres 60&#215;80 cm Acrylique sur toile 2017 &#8211; Joy Caloc (Paris\u00a0\u00a0&#8211; France). Chaque \u0153uvre g\u00e9n\u00e9r\u00e9e est un appel, un th\u00e8me, une accroche, un message. L&#8217;Art n&#8217;est pas une d\u00e9coration. Il<a href=\"https:\/\/artcontest.biancoscuro.it\/site\/joy-caloc\/\">&#8230;Read More<\/a><\/p>\n","protected":false},"author":1,"featured_media":7626,"comment_status":"closed","ping_status":"closed","sticky":false,"template":"","format":"image","meta":{"advanced_seo_description":"","jetpack_seo_html_title":"","jetpack_seo_noindex":false,"_jetpack_memberships_contains_paid_content":false,"footnotes":""},"categories":[4],"tags":[],"class_list":["post-7624","post","type-post","status-publish","format-image","has-post-thumbnail","hentry","category-pittura-painting","post_format-post-format-image"],"jetpack_featured_media_url":"https:\/\/artcontest.biancoscuro.it\/site\/wp-content\/uploads\/2018\/06\/Libres.jpg","jetpack_sharing_enabled":true,"jetpack_likes_enabled":false,"_links":{"self":[{"href":"https:\/\/artcontest.biancoscuro.it\/site\/wp-json\/wp\/v2\/posts\/7624","targetHints":{"allow":["GET"]}}],"collection":[{"href":"https:\/\/artcontest.biancoscuro.it\/site\/wp-json\/wp\/v2\/posts"}],"about":[{"href":"https:\/\/artcontest.biancoscuro.it\/site\/wp-json\/wp\/v2\/types\/post"}],"author":[{"embeddable":true,"href":"https:\/\/artcontest.biancoscuro.it\/site\/wp-json\/wp\/v2\/users\/1"}],"replies":[{"embeddable":true,"href":"https:\/\/artcontest.biancoscuro.it\/site\/wp-json\/wp\/v2\/comments?post=7624"}],"version-history":[{"count":1,"href":"https:\/\/artcontest.biancoscuro.it\/site\/wp-json\/wp\/v2\/posts\/7624\/revisions"}],"predecessor-version":[{"id":7632,"href":"https:\/\/artcontest.biancoscuro.it\/site\/wp-json\/wp\/v2\/posts\/7624\/revisions\/7632"}],"wp:featuredmedia":[{"embeddable":true,"href":"https:\/\/artcontest.biancoscuro.it\/site\/wp-json\/wp\/v2\/media\/7626"}],"wp:attachment":[{"href":"https:\/\/artcontest.biancoscuro.it\/site\/wp-json\/wp\/v2\/media?parent=7624"}],"wp:term":[{"taxonomy":"category","embeddable":true,"href":"https:\/\/artcontest.biancoscuro.it\/site\/wp-json\/wp\/v2\/categories?post=7624"},{"taxonomy":"post_tag","embeddable":true,"href":"https:\/\/artcontest.biancoscuro.it\/site\/wp-json\/wp\/v2\/tags?post=7624"}],"curies":[{"name":"wp","href":"https:\/\/api.w.org\/{rel}","templated":true}]}}