{"id":7782,"date":"2018-06-01T11:24:31","date_gmt":"2018-06-01T09:24:31","guid":{"rendered":"https:\/\/artcontest.biancoscuro.it\/site\/?p=7782"},"modified":"2026-04-30T17:52:50","modified_gmt":"2026-04-30T15:52:50","slug":"biancoscuro-art-contest-5a-edizione","status":"publish","type":"post","link":"https:\/\/artcontest.biancoscuro.it\/site\/biancoscuro-art-contest-5a-edizione\/","title":{"rendered":"BIANCOSCURO Art Contest 5\u00aa edizione"},"content":{"rendered":"<h1>Ultimi giorni per vincere la COPERTINA o la mostra personale in Svizzera!<\/h1>\n<h3>In palio\u00a0la <strong>COPERTINA<\/strong> sul bimestrale, mostre\u00a0a <strong>Montreux<\/strong> (Svizzera),\u00a0<strong>Marbella<\/strong> (Spagna),\u00a0<strong>Varese<\/strong>\u00a0e Brescia (Italia), premiazione\u00a0a <strong>Monte-Carlo<\/strong>\u00a0nel Principato di Monaco!<\/h3>\n<p><strong><a href=\"https:\/\/artcontest.biancoscuro.it\/\">BIANCOSCURO Art Contest<\/a><\/strong>, il\u00a0contest ideato da <strong>BIANCOSCURO<\/strong>\u00a0per\u00a0pittori, scultori, fotografi e grafici, \u00e8\u00a0giunto con successo alla quinta edizione. Il concorso d\u00e0\u00a0la\u00a0possibilit\u00e0 di essere \u201c<strong>in prima pagina<\/strong>\u201d o mettere in mostra le proprie opere nella splendida cornice\u00a0di <strong>Montreux, in Svizzera <\/strong>o nell\u2019incantevole citt\u00e0 di<strong> Marbella in Spagna<\/strong>. Tra\u00a0i premi anche l\u2019esposizione presso <strong>ExpoArte\u00a0Montichiari &#8211; Brescia\u00a0<\/strong>di settembre.<br \/>\nLa\u00a0giuria BIANCOSCURO\u00a0<strong>premier\u00e0 gli artisti<\/strong>\u00a0distinti<strong>\u00a0a ottobre a Monte-Carlo<\/strong>\u00a0(Principato di Monaco). I premi in palio sono\u00a040 e grazie agli sponsor il montepremi \u00e8 di oltre 45.000 \u20ac<\/p>\n<p>La novit\u00e0 del 2018 \u00e8 l&#8217;<strong>Artists Management<\/strong> <strong>internazionale<\/strong> che consiste nella stipula di un contratto della validit\u00e0 di un anno, eventualmente rinnovabile,\u00a0per l\u2019attivit\u00e0 di promozione e vendita delle opere realizzate dal vincitore: una grande opportunit\u00e0 per entrare a far parte del mercato nazionale ed internazionale<\/p>\n<figure style=\"width: 1000px\" class=\"wp-caption alignnone\"><a href=\"http:\/\/artcontest.biancoscuro.it\/site\/iscrizione-online-registration\/\" target=\"_blank\" rel=\"noopener noreferrer\"><img loading=\"lazy\" decoding=\"async\" src=\"https:\/\/www.biancoscuro.it\/site\/wp-content\/uploads\/2014\/02\/LogoBAC2016-1000px.jpg\" alt=\"biancoscuro art contest\" width=\"1000\" height=\"379\" \/><\/a><figcaption class=\"wp-caption-text\">BIANCOSCURO ART CONTEST<\/figcaption><\/figure>\n<h3><a href=\"https:\/\/artcontest.biancoscuro.it\/site\/iscrizione-online-registration\/\" target=\"_blank\" rel=\"noopener noreferrer\">Iscriviti subito \u00a0al\u00a0BIANCOSCURO Art Contest 5\u00aa edizione<\/a><\/h3>\n<p>La giuria <strong>BIANCOSCURO<\/strong> \u00e8 composta da:<\/p>\n<ul style=\"list-style-type: square;\">\n<li dir=\"ltr\"><strong>Vincenzo Chetta<\/strong>\u00a0&#8211; Direttore della Rivista d\u2019Arte\u00a0<strong>Biancoscuro<\/strong>;<\/li>\n<li dir=\"ltr\"><strong>Alfredo Pasolino<\/strong>\u00a0&#8211; Storico dell\u2019arte e <strong>Critico internazionale<\/strong>;<\/li>\n<li dir=\"ltr\"><strong>Jean Fran\u00e7ois Gailloud<\/strong>\u00a0&#8211; Presidente del <a href=\"http:\/\/www.mag-swiss.com\" target=\"_blank\" rel=\"noopener noreferrer\"><strong>MAG \u2013 Montreux ArtGallery<\/strong><\/a>;<\/li>\n<li dir=\"ltr\"><strong>Daniela Malabaila<\/strong>\u00a0&#8211;\u00a0<wbr \/>Caporedattrice Biancoscuro Rivista d\u2019Arte;<\/li>\n<li dir=\"ltr\"><strong>Marie H\u00e9l\u00e8ne Heusghem<\/strong>\u00a0\u00e8 Direttore del\u00a0 <a href=\"http:\/\/www.mag-swiss.com\" target=\"_blank\" rel=\"noopener noreferrer\">MAG \u2013 <strong>Montreux Art Gallery<\/strong><\/a>;<\/li>\n<li dir=\"ltr\"><strong>Mona Youssef<\/strong>\u00a0Gallerista\u00a0<strong>Canadese<\/strong> \u00e8 specializzata in <strong>Fine Art B.F.A.<\/strong> (Bachelor of Fine Arts);<\/li>\n<li dir=\"ltr\"><strong>Franco\u00a0<\/strong><b>Crugnola<\/b>\u00a0titolare e curatore della <strong>Showcases Gallery<\/strong> di Varese;<\/li>\n<li><strong>Elena Cicchetti<\/strong>\u00a0Presidente dell\u2019<wbr \/>Associazione\u00a0<strong>Art in The World<\/strong>;<\/li>\n<li dir=\"ltr\"><strong>Salvatore Mainardi<\/strong>\u00a0Corrispondente estero per <strong>BIANCOSCURO<\/strong>\u00a0in Svizzera e Gallerista presso\u00a0<strong>MainArt \u2013 Zurich<\/strong>;<\/li>\n<li><strong>Isabella Rigamonti\u00a0<\/strong>Architetto,\u00a0reda<wbr \/>zione\u00a0<strong>BIANCOSCURO<\/strong>\u00a0Rivista d\u2019<wbr \/>Arte;<\/li>\n<li dir=\"ltr\"><strong>Mario Gambatesa\u00a0<\/strong>Critico d\u2019Arte, redazione <strong>BIANCOSCURO<\/strong>\u00a0Rivista d\u2019Arte;<\/li>\n<li dir=\"ltr\"><strong>Lucia\u00a0<\/strong><strong>Garnero<\/strong>\u00a0Architetto,\u00a0reda<wbr \/>zione\u00a0<strong>BIANCOSCURO<\/strong>\u00a0Rivista d\u2019<wbr \/>Arte;<\/li>\n<li dir=\"ltr\"><strong>Gian Paolo Curti<\/strong>\u00a0Appassionato d\u2019arte e collezionista;<\/li>\n<\/ul>\n<p><img loading=\"lazy\" decoding=\"async\" class=\"aligncenter size-full wp-image-7412\" src=\"https:\/\/www.biancoscuro.it\/site\/wp-content\/uploads\/2018\/06\/01_promoBAC-OK-quad2017.jpg\" alt=\"Biancoscuro art contest\" width=\"1000\" height=\"1000\" \/><\/p>\n<p><strong>BIANCOSCURO Art Contest, il tema \u00e8 libero, partecipare \u00e8 semplice!<\/strong><\/p>\n<p>In palio: <strong>4 copertine<\/strong> sulla Rivista d\u2019Arte BIANCOSCURO, <strong>4\u00a0mostre personali<\/strong>, <strong>4 Artists Management<\/strong>, <strong>16 <\/strong><strong>mostre collettive<\/strong>, <strong>12\u00a0eBook personali<\/strong> condivisibili sui social\u00a0(con possibilit\u00e0 di stampa).<br \/>\n<strong>Cerimonia\u00a0di premiazione il 13 ottobre 2018 a Monte-Carlo nel Principato di Monaco<\/strong>.<br \/>\n\u00c8 previsto inoltre l&#8217;<strong>Attestato di partecipazione<\/strong> e la\u00a0<strong>pubblicazione di tutte le opere<\/strong> in concorso,\u00a0sul <strong>sito dedicato\u00a0<a href=\"https:\/\/artcontest.biancoscuro.it\/site\/\" target=\"_blank\" rel=\"noopener noreferrer\">artcontest.biancoscuro.it<\/a><\/strong>\u00a0e\u00a0sul numero di agosto\/settembre 2018 della\u00a0Rivista d\u2019Arte BIANCOSCURO.<\/p>\n<p>\u00c8 previsto anche un <strong>premio giuria popolare<\/strong>, i primi 4 artisti che per ogni categoria\u00a0avranno la <strong>realizzazione creativa di un eBook digitale<\/strong> composto da 32 pagine, in formato A4 (210\u00d7297 cm) oppure A5 (148\u00d7210 cm). <strong>Questo ebook sar\u00e0 fornito in formato digitale e<\/strong>\u00a0sar\u00e0 condiviso sul nostro\u00a0sul sito ufficiale\u00a0<a href=\"http:\/\/www.biancoscuro.it\/\" target=\"_blank\" rel=\"noopener noreferrer\">www.biancoscuro.it<\/a>.\u00a0<a href=\"http:\/\/biancoscuro.liberementi.it\/site\/tariffe\/\" target=\"_blank\" rel=\"noopener noreferrer\">Maggiori info sull\u2019eBook a questa pagina<\/a>. Ricordiamo che, a seconda della necessit\u00e0, l\u2019ebook potr\u00e0 essere stampato oppure semplicemente condiviso su Facebook, Twitter e Google+.<\/p>\n<p><strong>Cosa aspetti? <\/strong>il prossimo artista sulla copertina di BIANCOSCURO Rivista d\u2019Arte<strong> potresti essere proprio tu!\u00a0<\/strong><a href=\"http:\/\/artcontest.biancoscuro.it\/site\/iscrizione-online-registration\/\" target=\"_blank\" rel=\"noopener noreferrer\">Iscriviti subito, <strong>clicca qui!<\/strong><\/a><\/p>\n<p><img loading=\"lazy\" decoding=\"async\" class=\"aligncenter size-full wp-image-7413\" src=\"https:\/\/www.biancoscuro.it\/site\/wp-content\/uploads\/2018\/06\/02-Monte-CarloBAY-BACpremiazione2018-1000.jpg\" alt=\"Biancoscuro art contest\" width=\"997\" height=\"997\" \/><\/p>\n<p><strong>Del BAC<\/strong>, di tutti i suoi partecipanti e dei suoi vincitori verr\u00e0 dato ampio risalto\u00a0<strong>sulla Rivista d\u2019Arte BIANCOSCURO<\/strong>, sul sito internet dedicato\u00a0<a href=\"http:\/\/artcontest.biancoscuro.it\/\" target=\"_blank\" rel=\"noopener noreferrer\">artcontest.biancoscuro.it<\/a>\u00a0sul sito ufficiale\u00a0<a href=\"http:\/\/www.biancoscuro.it\/\" target=\"_blank\" rel=\"noopener noreferrer\">www.biancoscuro.it<\/a>, sulla nostra fan page facebook\u00a0<a href=\"http:\/\/www.facebook.com\/artcontest.biancoscuro\" target=\"_blank\" rel=\"noopener noreferrer\">www.facebook.com\/artcontest.biancoscuro<\/a>\u00a0e sul nostro gruppo\u00a0<a href=\"http:\/\/www.facebook.com\/groups\/biancoscuro\" target=\"_blank\" rel=\"noopener noreferrer\">www.facebook.com\/groups\/biancoscuro<\/a><\/p>\n","protected":false},"excerpt":{"rendered":"<p>Ultimi giorni per vincere la COPERTINA o la mostra personale in Svizzera! In palio\u00a0la COPERTINA sul bimestrale, mostre\u00a0a Montreux (Svizzera),\u00a0Marbella (Spagna),\u00a0Varese\u00a0e Brescia (Italia), premiazione\u00a0a Monte-Carlo\u00a0nel Principato di Monaco! BIANCOSCURO Art<a href=\"https:\/\/artcontest.biancoscuro.it\/site\/biancoscuro-art-contest-5a-edizione\/\">&#8230;Read More<\/a><\/p>\n","protected":false},"author":1,"featured_media":5005,"comment_status":"closed","ping_status":"closed","sticky":false,"template":"","format":"standard","meta":{"advanced_seo_description":"","jetpack_seo_html_title":"","jetpack_seo_noindex":false,"_jetpack_memberships_contains_paid_content":false,"footnotes":""},"categories":[505,10],"tags":[169,20,21,22,173,172,170,175,171],"class_list":["post-7782","post","type-post","status-publish","format-standard","has-post-thumbnail","hentry","category-bac-montecarlo-edition","category-biancoscuro","tag-5a-edizione","tag-bac","tag-biancoscuro","tag-biancoscuro-art-contest","tag-fotografia","tag-grafica","tag-pittura","tag-principato-di-monaco","tag-scultura"],"jetpack_featured_media_url":"https:\/\/artcontest.biancoscuro.it\/site\/wp-content\/uploads\/2014\/05\/bac.png","jetpack_sharing_enabled":true,"jetpack_likes_enabled":false,"_links":{"self":[{"href":"https:\/\/artcontest.biancoscuro.it\/site\/wp-json\/wp\/v2\/posts\/7782","targetHints":{"allow":["GET"]}}],"collection":[{"href":"https:\/\/artcontest.biancoscuro.it\/site\/wp-json\/wp\/v2\/posts"}],"about":[{"href":"https:\/\/artcontest.biancoscuro.it\/site\/wp-json\/wp\/v2\/types\/post"}],"author":[{"embeddable":true,"href":"https:\/\/artcontest.biancoscuro.it\/site\/wp-json\/wp\/v2\/users\/1"}],"replies":[{"embeddable":true,"href":"https:\/\/artcontest.biancoscuro.it\/site\/wp-json\/wp\/v2\/comments?post=7782"}],"version-history":[{"count":2,"href":"https:\/\/artcontest.biancoscuro.it\/site\/wp-json\/wp\/v2\/posts\/7782\/revisions"}],"predecessor-version":[{"id":10928,"href":"https:\/\/artcontest.biancoscuro.it\/site\/wp-json\/wp\/v2\/posts\/7782\/revisions\/10928"}],"wp:featuredmedia":[{"embeddable":true,"href":"https:\/\/artcontest.biancoscuro.it\/site\/wp-json\/wp\/v2\/media\/5005"}],"wp:attachment":[{"href":"https:\/\/artcontest.biancoscuro.it\/site\/wp-json\/wp\/v2\/media?parent=7782"}],"wp:term":[{"taxonomy":"category","embeddable":true,"href":"https:\/\/artcontest.biancoscuro.it\/site\/wp-json\/wp\/v2\/categories?post=7782"},{"taxonomy":"post_tag","embeddable":true,"href":"https:\/\/artcontest.biancoscuro.it\/site\/wp-json\/wp\/v2\/tags?post=7782"}],"curies":[{"name":"wp","href":"https:\/\/api.w.org\/{rel}","templated":true}]}}