{"id":9864,"date":"2019-05-30T19:01:32","date_gmt":"2019-05-30T17:01:32","guid":{"rendered":"https:\/\/artcontest.biancoscuro.it\/site\/?p=9864"},"modified":"2019-06-05T18:43:23","modified_gmt":"2019-06-05T16:43:23","slug":"mattia-consonni-musica-per-gli-occhi-7","status":"publish","type":"post","link":"https:\/\/artcontest.biancoscuro.it\/site\/mattia-consonni-musica-per-gli-occhi-7\/","title":{"rendered":"Mattia Consonni \u201cMusica per gli occhi\u201d"},"content":{"rendered":"\n<figure class=\"wp-block-image\"><img loading=\"lazy\" decoding=\"async\" width=\"500\" height=\"22\" src=\"http:\/\/artcontest.biancoscuro.it\/site\/wp-content\/uploads\/2015\/03\/linette1.jpg\" alt=\".......\" class=\"wp-image-1001\" srcset=\"https:\/\/artcontest.biancoscuro.it\/site\/wp-content\/uploads\/2015\/03\/linette1.jpg 500w, https:\/\/artcontest.biancoscuro.it\/site\/wp-content\/uploads\/2015\/03\/linette1-300x13.jpg 300w\" sizes=\"auto, (max-width: 500px) 100vw, 500px\" \/><\/figure>\n\n\n\n<figure class=\"wp-block-image\"><img loading=\"lazy\" decoding=\"async\" width=\"777\" height=\"186\" src=\"https:\/\/artcontest.biancoscuro.it\/site\/wp-content\/uploads\/2019\/05\/one-mans-dreamLOW-1.jpg\" alt=\"\" class=\"wp-image-9872\" srcset=\"https:\/\/artcontest.biancoscuro.it\/site\/wp-content\/uploads\/2019\/05\/one-mans-dreamLOW-1.jpg 777w, https:\/\/artcontest.biancoscuro.it\/site\/wp-content\/uploads\/2019\/05\/one-mans-dreamLOW-1-300x72.jpg 300w, https:\/\/artcontest.biancoscuro.it\/site\/wp-content\/uploads\/2019\/05\/one-mans-dreamLOW-1-768x184.jpg 768w, https:\/\/artcontest.biancoscuro.it\/site\/wp-content\/uploads\/2019\/05\/one-mans-dreamLOW-1-450x108.jpg 450w, https:\/\/artcontest.biancoscuro.it\/site\/wp-content\/uploads\/2019\/05\/one-mans-dreamLOW-1-600x144.jpg 600w\" sizes=\"auto, (max-width: 777px) 100vw, 777px\" \/><\/figure>\n\n\n\n<p>one man&#8217;s dream<br> 2016<br> smalto e vinile su tela<br> 100 x 100 cm.<\/p>\n\n\n\n<figure class=\"wp-block-embed-youtube wp-block-embed is-type-video is-provider-youtube wp-embed-aspect-16-9 wp-has-aspect-ratio\"><div class=\"wp-block-embed__wrapper\">\n<iframe loading=\"lazy\" title=\"Yanni - Yanni \u2013 One Man\u2019s Dream (Live From the Pyramids in 1080p)\" width=\"640\" height=\"360\" src=\"https:\/\/www.youtube.com\/embed\/6JCPbyRdF-o?feature=oembed\" frameborder=\"0\" allow=\"accelerometer; autoplay; clipboard-write; encrypted-media; gyroscope; picture-in-picture; web-share\" referrerpolicy=\"strict-origin-when-cross-origin\" allowfullscreen><\/iframe>\n<\/div><\/figure>\n\n\n\n<blockquote class=\"wp-block-quote is-layout-flow wp-block-quote-is-layout-flow\"><p><strong>Meda, Dicembre 2018<\/strong> &#8211; Sembra ieri. Eppure son passati quasi 2 anni da quando Mattia Consonni ci ha parlato del suo progetto legato al brano di Yanni \u201cOne Man\u2019s Dream\u201d. Musa ispiratrice, questa volta non solo per la creazione dell&#8217;opera targata \u201cMusica per gli occhi\u201d, ma di tutta la filosofia e la progettazione dell&#8217;idea, bellissima e piena di fiducia, di Mattia.<br> Il successo del progetto \u00e8 tale che sembra quasi banale descriverlo, ma \u00e8 cos\u00ec pieno di vita e di amore e speranza, di quel sogno che \u00e8 il sogno dell&#8217;artista, da non potermi trattenere dal raccontarvelo.<br> Il brano di Yanni si \u00e8 diviso in quattro tele, ognuna corredata della propria flightcase, istruzioni in italiano ed in inglese ed un taccuino da viaggio, ognuna partita da una destinazione differente, accompagnata da compagni di viaggio diversi.<br> Le notizie delle prime destinazioni raggiunte ci hanno informato che sono arrivate, separatamente, a Londra, Roma, New York e Las Palmas. E da l\u00ec hanno continuato a viaggiare, ultimamente una \u00e8 stata notata al Lago d&#8217;Iseo, un&#8217;altra a Miami, per non parlare di quella che ha percorso 7000 miglia nell&#8217;Oceano Atlantico su una barca a vela d&#8217;epoca!<br> Quanti di voi staranno pensando che sia una pazzia affidare quattro opere di questa portata, senza poterne avere veramente il controllo, dovremmo invece non perdere di vista il fine di tutto: anche questa mancanza di supervisione \u00e8 parte del piano.<br> \u201c<strong>One Man\u2019s Dream<\/strong>\u201d \u00e8 un progetto sperimentale abbinato ad un\u2019opera d\u2019arte; vuole coinvolgere pi\u00f9 persone possibili, di paesi e culture differenti, incaricandoli custodi e testimoni delle tele, volutamente separate, con cui verranno in contatto.<br> Il viaggio di ciascuna tela durer\u00e0 complessivamente 3 anni, ed \u00e8 possibile gi\u00e0 seguire le varie tappe tramite la pagina social dedicata, a cui si collegano man mano i diversi compagni di viaggio, postando foto e piccoli ricordi, in attesa di scoprire tutto il contenuto dei taccuini e delle valigette: lettere, cartoline, istantanee, disegni\u2026 Cosa staranno lasciando i tanti custodi temporanei delle tele di \u201cOne Man\u2019s Dream\u201d?<br> Tutto contribuir\u00e0 a creare una storia per l\u2019opera, ricca di umanit\u00e0 e di bellezza d\u2019animo, in cui la fiducia nell\u2019altro sar\u00e0 un trionfo e la parola d\u2019ordine: condivisione!<\/p><cite><em>Rebecca Maniti<\/em><\/cite><\/blockquote>\n\n\n\n<p><strong>Mattia Consonni\u00a0<\/strong>(Meda<em>\u00a0&#8211; Italy),\u00a0<\/em>nasce a Meda nel 1972, nella magnifica ed operosa terra di Brianza in cui abita e lavora. Nel 2012, Mattia esordisce con la sua personale sperimentazione creativa che lo avvia verso un significativo percorso artistico.<br>\u201cMusica per gli occhi\u201d \u00e8 il nome che meglio definisce la prolifica attivit\u00e0 artistica di Mattia Consonni, nata dalla fusione di due diversi impulsi: l\u2019esigenza di esorcizzare lo stress quotidiano legato alla professione lavorativa diurna e la passione incondizionata per la musica che, sin da ragazzo, lo ha portato a vantare una numerosa collezione di vinili e cd, accogliendo tutti i generi musicali con brani ed album di svariati artisti. Nel corso degli anni la stessa forte passione per il collezionismo, nel senso pi\u00f9 tradizionale del termine, ovvero cura e conservazione di Lp e cd comprati nei diversi stores, si evolve e sfocia anche verso quei dischi usurati e non pi\u00f9 udibili, che ha raccolto negli scantinati o ricevuto da amici e conoscenti desiderosi di liberarsene.<br>Da qui, la voglia di immaginare un nuova vita per oggetti destinati alla discarica; un segno d\u2019amore nato dal desiderio di salvare un patrimonio culturale che per tante generazioni \u00e8 stato ed \u00e8 tuttora un\u2019icona.<br>Modellando principalmente vinili come materia pura e duttile, ma anche CD, seppur in minor parte, Mattia forgia nuove forme per i dischi, che integrati con le tele, assumono una nuova identit\u00e0 ispirata dall&#8217;ascolto degli amatissimi brani. Nascono, dunque, soggetti astratti e simbolici che svelano ed esprimono attraverso la sinergia del colore e dei materiali, le pi\u00f9 svariate emozioni ed i messaggi che l&#8217;autore intenzionalmente vuole trasmettere per raccontarsi e raccontare.<br>Eloquente e di grande effetto \u00e8 osservare come l&#8217;artista interpreti e si avvicini al significato del brano musicale che intende rappresentare nella maggior parte delle tele realizzate .<br>\u201cMusica per gli occhi\u201d propone uno stile inedito, un&#8217; arte contemporanea ed ecocompatibile, in cui gli oggetti in disuso, riciclati ed elaborati, acquisiscono una sorta di immortalit\u00e0 in una connotazione nuova, emozionante, eclettica che svela anticonformismo ed ironia.<br><\/p>\n\n\n\n<p><strong>ESPOSIZIONI<\/strong><br>2014<br>-\u201cArt Parma Fair\u201d Stand espositivo a cura di BIANCOSCURO<br>-\u201cArte Forl\u00ec Contemporanea\u201d Stand espositivo a cura di BIANCOSCURO<\/p>\n\n\n\n<p>2015<br>&#8211; Innsbruck, \u201cArt Innsbruck\u201d Stand espositivo a cura di BIANCOSCURO<br>&#8211; Pavia, \u201cPaviArt\u201d Stand espositivo a cura di BIANCOSCURO<br>&#8211; Monaco,\u201dArt Monaco\u201d Stand espositivo a cura di BIANCOSCURO<br>&#8211; Roma, \u201cL&#8217;Arte \u00e8 il Quinto elemento\u201d- \u201cCiak si mostra\u201d<br>&#8211; Firenze, \u201cArt Showroom\u201d<br>&#8211; Nettuno RM, \u201cOltre mare\u201d<br>&#8211; Firenze, \u201cDissolvenze Contemporanee\u201d<br>&#8211; Roma, \u201cBramante\u201d<br>&#8211; Firenze, \u201cPrivate Views\u201d &#8211; \u201cNegativo\/Positivo\u201d<br>&#8211; Meda, \u201cMusica per gli occhi experience\u201d<\/p>\n\n\n\n<p>2016<br>&#8211; Milano, \u201cAncora Store\u201d<br>&#8211; Londra, \u201cMoor House: Art &amp; Motion\u201d<br>&#8211; Pavia, \u201cPaviArt\u201d Stand espositivo a cura di BIANCOSCURO<br>&#8211; Roma, \u201cLegal Arte\u201d<br>&#8211; Forl\u00ec \u201cArte Forl\u00ec Contemporanea\u201d Stand espositivo a cura di BIANCOSCURO<br>&#8211; Innsbruck, \u201cArt Innsbruck\u201d Stand espositivo a cura di BIANCOSCURO<br>&#8211; Montreux, \u201cMontreux Art Gallery\u201d Stand espositivo a cura di BIANCOSCURO<\/p>\n\n\n\n<p>2017<br>&#8211; Roma, \u201cBramante\u201d<br>&#8211; Pavia, \u201cPaviArt\u201d Stand espositivo a cura di BIANCOSCURO<br>&#8211; Londra Cript Gallery<br>&#8211;&nbsp;Musica Per Gli Occhi Experience \u00b7 Villa Sormani &#8211; Mariano Comense<\/p>\n\n\n\n<p>2018<br>&#8211; Musica Per Gli Occhi Experience \u00b7 Mostra Personale Meda<\/p>\n\n\n\n<p>2019<br>&#8211; Forl\u00ec, &#8220;Vernice Art Fair&#8221; Stand espositivo a cura di BIANCOSCURO<\/p>\n\n\n\n<p><strong>PREMI<\/strong><br>&#8211; Oscar per le arti Visive ricevuto a Monaco (Montecarlo) Ottobre 2015<br>&#8211; Premio assoluto Art Contest 2015 (premio copertina) BIANCOSCURO<br>&#8211; Premio annuale Grand Prix des Arts Visuels 2016 ricevuto a Cannes aprile 2016<\/p>\n\n\n\n<figure class=\"wp-block-image\"><a href=\"http:\/\/artcontest.biancoscuro.it\/site\/wp-content\/uploads\/2015\/03\/linette2.jpg\"><img loading=\"lazy\" decoding=\"async\" width=\"500\" height=\"21\" src=\"http:\/\/artcontest.biancoscuro.it\/site\/wp-content\/uploads\/2015\/03\/linette2.jpg\" alt=\".......\" class=\"wp-image-1000\" srcset=\"https:\/\/artcontest.biancoscuro.it\/site\/wp-content\/uploads\/2015\/03\/linette2.jpg 500w, https:\/\/artcontest.biancoscuro.it\/site\/wp-content\/uploads\/2015\/03\/linette2-300x13.jpg 300w\" sizes=\"auto, (max-width: 500px) 100vw, 500px\" \/><\/a><\/figure>\n\n\n\n<p><strong>Vote for this artwork!<\/strong>&nbsp;Follow Biancoscuro Art Contest on&nbsp;<a rel=\"noreferrer noopener\" href=\"https:\/\/www.facebook.com\/artcontest.biancoscuro\" target=\"_blank\"><strong>Facebook<\/strong><\/a>&nbsp;and&nbsp;<a rel=\"noreferrer noopener\" href=\"https:\/\/www.instagram.com\/biancoscuroartcontest\/\" target=\"_blank\"><strong>Instagram<\/strong><\/a> then click <strong>like!<\/strong><br><strong>Vota questa opera!&nbsp;<\/strong>Segui Biancoscuro Art Contest su <strong><a rel=\"noreferrer noopener\" href=\"https:\/\/www.facebook.com\/artcontest.biancoscuro\" target=\"_blank\">Facebook<\/a>&nbsp;e <\/strong><a rel=\"noreferrer noopener\" href=\"https:\/\/www.instagram.com\/biancoscuroartcontest\/\" target=\"_blank\"><strong>Instagram&nbsp;<\/strong><\/a>quindi clicca <strong>like!<\/strong><\/p>\n\n\n\n<figure class=\"wp-block-image\"><img loading=\"lazy\" decoding=\"async\" width=\"777\" height=\"186\" src=\"https:\/\/artcontest.biancoscuro.it\/site\/wp-content\/uploads\/2019\/05\/one-mans-dreamLOW-1.jpg\" alt=\"\" class=\"wp-image-9872\" srcset=\"https:\/\/artcontest.biancoscuro.it\/site\/wp-content\/uploads\/2019\/05\/one-mans-dreamLOW-1.jpg 777w, https:\/\/artcontest.biancoscuro.it\/site\/wp-content\/uploads\/2019\/05\/one-mans-dreamLOW-1-300x72.jpg 300w, https:\/\/artcontest.biancoscuro.it\/site\/wp-content\/uploads\/2019\/05\/one-mans-dreamLOW-1-768x184.jpg 768w, https:\/\/artcontest.biancoscuro.it\/site\/wp-content\/uploads\/2019\/05\/one-mans-dreamLOW-1-450x108.jpg 450w, https:\/\/artcontest.biancoscuro.it\/site\/wp-content\/uploads\/2019\/05\/one-mans-dreamLOW-1-600x144.jpg 600w\" sizes=\"auto, (max-width: 777px) 100vw, 777px\" \/><\/figure>\n","protected":false},"excerpt":{"rendered":"<p>one man&#8217;s dream 2016 smalto e vinile su tela 100 x 100 cm. Meda, Dicembre 2018 &#8211; Sembra ieri. Eppure son passati quasi 2 anni da quando Mattia Consonni ci<a href=\"https:\/\/artcontest.biancoscuro.it\/site\/mattia-consonni-musica-per-gli-occhi-7\/\">&#8230;Read More<\/a><\/p>\n","protected":false},"author":1,"featured_media":9877,"comment_status":"closed","ping_status":"closed","sticky":false,"template":"","format":"image","meta":{"advanced_seo_description":"","jetpack_seo_html_title":"","jetpack_seo_noindex":false,"_jetpack_memberships_contains_paid_content":false,"footnotes":""},"categories":[4],"tags":[],"class_list":["post-9864","post","type-post","status-publish","format-image","has-post-thumbnail","hentry","category-pittura-painting","post_format-post-format-image"],"jetpack_featured_media_url":"https:\/\/artcontest.biancoscuro.it\/site\/wp-content\/uploads\/2019\/05\/one-mans-dream1.jpg","jetpack_sharing_enabled":true,"jetpack_likes_enabled":false,"_links":{"self":[{"href":"https:\/\/artcontest.biancoscuro.it\/site\/wp-json\/wp\/v2\/posts\/9864","targetHints":{"allow":["GET"]}}],"collection":[{"href":"https:\/\/artcontest.biancoscuro.it\/site\/wp-json\/wp\/v2\/posts"}],"about":[{"href":"https:\/\/artcontest.biancoscuro.it\/site\/wp-json\/wp\/v2\/types\/post"}],"author":[{"embeddable":true,"href":"https:\/\/artcontest.biancoscuro.it\/site\/wp-json\/wp\/v2\/users\/1"}],"replies":[{"embeddable":true,"href":"https:\/\/artcontest.biancoscuro.it\/site\/wp-json\/wp\/v2\/comments?post=9864"}],"version-history":[{"count":3,"href":"https:\/\/artcontest.biancoscuro.it\/site\/wp-json\/wp\/v2\/posts\/9864\/revisions"}],"predecessor-version":[{"id":9891,"href":"https:\/\/artcontest.biancoscuro.it\/site\/wp-json\/wp\/v2\/posts\/9864\/revisions\/9891"}],"wp:featuredmedia":[{"embeddable":true,"href":"https:\/\/artcontest.biancoscuro.it\/site\/wp-json\/wp\/v2\/media\/9877"}],"wp:attachment":[{"href":"https:\/\/artcontest.biancoscuro.it\/site\/wp-json\/wp\/v2\/media?parent=9864"}],"wp:term":[{"taxonomy":"category","embeddable":true,"href":"https:\/\/artcontest.biancoscuro.it\/site\/wp-json\/wp\/v2\/categories?post=9864"},{"taxonomy":"post_tag","embeddable":true,"href":"https:\/\/artcontest.biancoscuro.it\/site\/wp-json\/wp\/v2\/tags?post=9864"}],"curies":[{"name":"wp","href":"https:\/\/api.w.org\/{rel}","templated":true}]}}